{"id":16490,"date":"2025-07-10T10:51:27","date_gmt":"2025-07-10T14:51:27","guid":{"rendered":"https:\/\/agromt.news\/?p=16490"},"modified":"2025-07-10T10:51:27","modified_gmt":"2025-07-10T14:51:27","slug":"demanda-externa-e-intensa-e-supera-a-domestica","status":"publish","type":"post","link":"https:\/\/agromt.news\/?p=16490","title":{"rendered":"demanda externa \u00e9 intensa e supera a dom\u00e9stica"},"content":{"rendered":"<p> <br \/>\n<br \/><img decoding=\"async\" src=\"https:\/\/agromt.news\/wp-content\/uploads\/2025\/06\/Preco-da-Cesta-Basica-cai-em-maio-mas-tem-alta.jpg\" \/><\/p>\n<div>\n<p>Dados do <a href=\"https:\/\/www.canalrural.com.br\/tag\/cepea\/\">Centro de Estudos Avan\u00e7ados em Economia Aplicada (Cepea)<\/a>, apontam que ao longo de 2025, a demanda externa pela carne bovina brasileira se mostrou intensa.\u00a0<\/p>\n<p>Segundo dados da Secex, de janeiro a junho, as exporta\u00e7\u00f5es brasileiras da carne bovina (in natura e processada) geraram faturamento externo de US$ 7,2 bilh\u00f5es. Dessa forma o valor representa aumento de 27% acima do obtido no primeiro semestre de 2024.\u00a0<\/p>\n<p>Pesquisadores do Cepea indicam que esse cen\u00e1rio resulta do aumento de 12,5% no volume embarcado no primeiro semestre frente ao mesmo per\u00edodo do ano anterior. E alta de 12,7% do pre\u00e7o m\u00e9dio no comparativo em d\u00f3lar.\u00a0<\/p>\n<\/div>\n<div>\n<p>J\u00e1 no mercado brasileiro, o instituto aponta que este in\u00edcio de julho tem apresentado baixa liquidez e quedas nos pre\u00e7os. Frigor\u00edficos, com escalas mais longas, mostram baixo interesse por novas compras de animais para abate, enquanto pecuaristas ofertam com cautela.\u00a0<\/p>\n<p>Assim, dados do Cepea mostram que, no acumulado da parcial de julho (at\u00e9 o dia 8), a carca\u00e7a casada de boi \u00e0 vista, no mercado atacadista da Grande S\u00e3o Paulo, registra desvaloriza\u00e7\u00e3o de 3,4%, comercializada \u00e0 m\u00e9dia de R$ 21,30\/kg no dia 8.\u00a0<\/p>\n<p>Tamb\u00e9m na parcial deste m\u00eas, o recuo do Indicador Cepea \/Esalq do boi gordo (estado de S\u00e3o Paulo) \u00e9 de 3,7%, fechando a R$ 305,60 na ter\u00e7a.<\/p>\n<p><em>*Sob supervis\u00e3o de Luis Roberto Toledo<\/em><\/p>\n<\/p><\/div>\n<p><br \/>\n<br \/><a href=\"https:\/\/www.canalrural.com.br\/pecuaria\/boi-demanda-externa-e-intensa-e-supera-a-domestica\/\">Source link <\/a><\/p>\n","protected":false},"excerpt":{"rendered":"<p>Dados do Centro de Estudos Avan\u00e7ados em Economia Aplicada (Cepea), apontam que ao longo de 2025, a demanda externa pela<\/p>\n","protected":false},"author":1,"featured_media":16491,"comment_status":"open","ping_status":"open","sticky":false,"template":"","format":"standard","meta":{"_monsterinsights_skip_tracking":false,"_monsterinsights_sitenote_active":false,"_monsterinsights_sitenote_note":"","_monsterinsights_sitenote_category":0,"_uf_show_specific_survey":0,"_uf_disable_surveys":false,"footnotes":""},"categories":[1],"tags":[],"class_list":["post-16490","post","type-post","status-publish","format-standard","has-post-thumbnail","hentry","category-news"],"_links":{"self":[{"href":"https:\/\/agromt.news\/index.php?rest_route=\/wp\/v2\/posts\/16490"}],"collection":[{"href":"https:\/\/agromt.news\/index.php?rest_route=\/wp\/v2\/posts"}],"about":[{"href":"https:\/\/agromt.news\/index.php?rest_route=\/wp\/v2\/types\/post"}],"author":[{"embeddable":true,"href":"https:\/\/agromt.news\/index.php?rest_route=\/wp\/v2\/users\/1"}],"replies":[{"embeddable":true,"href":"https:\/\/agromt.news\/index.php?rest_route=%2Fwp%2Fv2%2Fcomments&post=16490"}],"version-history":[{"count":0,"href":"https:\/\/agromt.news\/index.php?rest_route=\/wp\/v2\/posts\/16490\/revisions"}],"wp:featuredmedia":[{"embeddable":true,"href":"https:\/\/agromt.news\/index.php?rest_route=\/wp\/v2\/media\/16491"}],"wp:attachment":[{"href":"https:\/\/agromt.news\/index.php?rest_route=%2Fwp%2Fv2%2Fmedia&parent=16490"}],"wp:term":[{"taxonomy":"category","embeddable":true,"href":"https:\/\/agromt.news\/index.php?rest_route=%2Fwp%2Fv2%2Fcategories&post=16490"},{"taxonomy":"post_tag","embeddable":true,"href":"https:\/\/agromt.news\/index.php?rest_route=%2Fwp%2Fv2%2Ftags&post=16490"}],"curies":[{"name":"wp","href":"https:\/\/api.w.org\/{rel}","templated":true}]}}