{"id":16479,"date":"2025-07-10T09:01:10","date_gmt":"2025-07-10T13:01:10","guid":{"rendered":"https:\/\/agromt.news\/?p=16479"},"modified":"2025-07-10T09:01:10","modified_gmt":"2025-07-10T13:01:10","slug":"baixo-carbono-recebe-so-16-do-plano-safra","status":"publish","type":"post","link":"https:\/\/agromt.news\/?p=16479","title":{"rendered":"Baixo carbono recebe s\u00f3 1,6% do Plano Safra"},"content":{"rendered":"<p> <br \/>\n<\/p>\n<div>\n<div class=\"row\">\n<div class=\"col-lg col-infos mt-0 mt-lg-0\">\n<div class=\"section-sub-title\">\n<p itemprop=\"description\">&#13;<br \/>\n                                Setor que mais emite gases no Brasil segue com baixo apoio financeiro&#13;<br \/>\n&#13;<br \/>\n&#13;\n                            <\/p>\n<\/p><\/div>\n<div class=\"container\">\n<div class=\"row\">\n<div class=\"col-lg p-0\">\n<div>\n<div class=\"block-news-main-infos mt-3 text-start\">\n<p>                                            <strong class=\"fn\" itemprop=\"author\" style=\"color: rgb(112, 112, 112); \">&#13;<br \/>\n                                                <a href=\"https:\/\/www.agrolink.com.br\/noticias\/javascript:;\" class=\"text-uppercase\" target=\"_blank\" style=\"color: rgb(112, 112, 112); \" rel=\"noopener\">Agrolink<\/a>&#13;<br \/>\n&#13;<br \/>\n                                                    &#8211; Aline Merladete&#13;<br \/>\n&#13;<br \/>\n                                            <\/strong><br \/>\n                                        <\/p>\n<p>                                            <abbr><time datetime=\"2025-07-09T12:55\" itemprop=\"datePublished dateModified\">Publicado em 09\/07\/2025 \u00e0s 12:55h.<\/time><\/abbr><br \/>\n                                            <\/p><\/div>\n<\/p><\/div>\n<\/p><\/div>\n<div class=\"col-lg p-0 text-lg-end\">\n<div>\n<div id=\"mdEnviarPagina\" class=\"modal fade\" role=\"dialog\">\n<div class=\"modal-dialog\">\n<div class=\"modal-content\">\n<div class=\"modal-body\">\n<p><strong>Estimado usu\u00e1rio.<\/strong><br \/>Preencha o formul\u00e1rio abaixo para remeter a p\u00e1gina.<\/p>\n<\/p><\/div>\n<\/p><\/div>\n<\/p><\/div>\n<\/div><\/div>\n<\/p><\/div>\n<\/p><\/div>\n<\/p><\/div>\n<\/p><\/div>\n<\/p><\/div>\n<div class=\"row justify-content-md-center mt-3\">\n<div class=\"col-lg-auto col-image block-news-main-image\">\n<p>                                <img decoding=\"async\" src=\"https:\/\/www.agrolink.com.br\/upload\/imagens-resizes\/7f949a7f1c76489e800a6952ce7635c6_858x483.jpg\" class=\"lazyload img-fluid\"\/><br \/>\n                                                <span class=\"publicity-photo d-block mt-1\">Foto: Divulga\u00e7\u00e3o <\/span><\/p><\/div>\n<\/p><\/div>\n<div class=\"section-description section-description-noticias mt-3\">\n<p style=\"text-align:justify\">Apesar do an\u00fancio recorde de R$ 605 bilh\u00f5es no Plano Safra 2025\/26, apenas uma fra\u00e7\u00e3o desse valor ser\u00e1 aplicada em pr\u00e1ticas agr\u00edcolas de baixo carbono. Segundo an\u00e1lise do Instituto Talanoa, somente R$ 8,1 bilh\u00f5es \u2014 ou 1,6% do total \u2014 foram destinados diretamente ao financiamento de tecnologias sustent\u00e1veis no campo.&#13;\n<\/p>\n<p style=\"text-align:justify\">De acordo com o levantamento divulgado na nova edi\u00e7\u00e3o do T\u00e1 L\u00e1 no Gr\u00e1fico, os recursos para a\u00e7\u00f5es como recupera\u00e7\u00e3o de pastagens degradadas, fixa\u00e7\u00e3o biol\u00f3gica de nitrog\u00eanio, sistemas integrados de produ\u00e7\u00e3o e florestas comerciais ainda s\u00e3o escassos, mesmo com alta demanda e viabilidade t\u00e9cnica j\u00e1 comprovada. Esses sistemas s\u00e3o fundamentais para reduzir as emiss\u00f5es de gases de efeito estufa, em um setor respons\u00e1vel por 30,5% das emiss\u00f5es nacionais.<\/p>\n<p style=\"text-align:justify\">O Instituto destaca ainda que o programa RenovAgro, principal canal de incentivo ao agro sustent\u00e1vel, segue com or\u00e7amento t\u00edmido. Enquanto isso, outras frentes de financiamento tradicional continuam sendo priorizadas, o que revela um descompasso entre os compromissos clim\u00e1ticos do Brasil e o apoio real \u00e0 transi\u00e7\u00e3o sustent\u00e1vel no setor agropecu\u00e1rio.&#13;\n<\/p>\n<p style=\"text-align:justify\">Outro ponto de alerta \u00e9 o corte cont\u00ednuo no or\u00e7amento do Proagro, seguro rural voltado \u00e0 agricultura familiar. O programa perdeu R$ 3,6 bilh\u00f5es nos \u00faltimos dois anos, apesar do aumento expressivo das perdas no campo causadas por eventos clim\u00e1ticos extremos. Essa redu\u00e7\u00e3o compromete a resili\u00eancia do pequeno produtor diante de uma agricultura cada vez mais vulner\u00e1vel ao clima.<\/p>\n<p style=\"text-align:justify\">Como novidade, o Zoneamento Agr\u00edcola de Risco Clim\u00e1tico (Zarc) passa a ser exig\u00eancia para parte dos financiamentos, o que representa uma mudan\u00e7a significativa na pol\u00edtica agr\u00edcola, ao incluir o risco clim\u00e1tico como crit\u00e9rio de acesso ao cr\u00e9dito.<\/p>\n<p style=\"text-align:justify\">\u00a0<\/p>\n<\/p><\/div>\n<\/p><\/div>\n<p><script data-cfasync=\"false\">\n    !function (f, b, e, v, n, t, s) {\n        if (f.fbq) return; n = f.fbq = function () {\n            n.callMethod ?\n                n.callMethod.apply(n, arguments) : n.queue.push(arguments)\n        };\n        if (!f._fbq) f._fbq = n; n.push = n; n.loaded = !0; n.version = '2.0';\n        n.queue = []; t = b.createElement(e); t.async = !0;\n        t.src = v; s = b.getElementsByTagName(e)[0];\n        s.parentNode.insertBefore(t, s)\n    }(window, document, 'script',\n        'https:\/\/connect.facebook.net\/en_US\/fbevents.js');\n    fbq('init', '522546078623747');\n    fbq('track', 'PageView');\n<\/script><br \/>\n<br \/><br \/>\n<br \/><a href=\"https:\/\/www.agrolink.com.br\/noticias\/baixo-carbono-recebe-so-1-6--do-plano-safra_503733.html\">Source link <\/a><\/p>\n","protected":false},"excerpt":{"rendered":"<p>&#13; Setor que mais emite gases no Brasil segue com baixo apoio financeiro&#13; &#13; &#13; &#13; Agrolink&#13; &#13; &#8211; Aline<\/p>\n","protected":false},"author":1,"featured_media":7240,"comment_status":"open","ping_status":"open","sticky":false,"template":"","format":"standard","meta":{"_monsterinsights_skip_tracking":false,"_monsterinsights_sitenote_active":false,"_monsterinsights_sitenote_note":"","_monsterinsights_sitenote_category":0,"_uf_show_specific_survey":0,"_uf_disable_surveys":false,"footnotes":""},"categories":[8,1,14],"tags":[],"class_list":["post-16479","post","type-post","status-publish","format-standard","has-post-thumbnail","hentry","category-agro","category-news","category-politica-agro"],"_links":{"self":[{"href":"https:\/\/agromt.news\/index.php?rest_route=\/wp\/v2\/posts\/16479"}],"collection":[{"href":"https:\/\/agromt.news\/index.php?rest_route=\/wp\/v2\/posts"}],"about":[{"href":"https:\/\/agromt.news\/index.php?rest_route=\/wp\/v2\/types\/post"}],"author":[{"embeddable":true,"href":"https:\/\/agromt.news\/index.php?rest_route=\/wp\/v2\/users\/1"}],"replies":[{"embeddable":true,"href":"https:\/\/agromt.news\/index.php?rest_route=%2Fwp%2Fv2%2Fcomments&post=16479"}],"version-history":[{"count":0,"href":"https:\/\/agromt.news\/index.php?rest_route=\/wp\/v2\/posts\/16479\/revisions"}],"wp:featuredmedia":[{"embeddable":true,"href":"https:\/\/agromt.news\/index.php?rest_route=\/wp\/v2\/media\/7240"}],"wp:attachment":[{"href":"https:\/\/agromt.news\/index.php?rest_route=%2Fwp%2Fv2%2Fmedia&parent=16479"}],"wp:term":[{"taxonomy":"category","embeddable":true,"href":"https:\/\/agromt.news\/index.php?rest_route=%2Fwp%2Fv2%2Fcategories&post=16479"},{"taxonomy":"post_tag","embeddable":true,"href":"https:\/\/agromt.news\/index.php?rest_route=%2Fwp%2Fv2%2Ftags&post=16479"}],"curies":[{"name":"wp","href":"https:\/\/api.w.org\/{rel}","templated":true}]}}