{"id":16473,"date":"2025-07-10T08:13:35","date_gmt":"2025-07-10T12:13:35","guid":{"rendered":"https:\/\/agromt.news\/?p=16473"},"modified":"2025-07-10T08:13:35","modified_gmt":"2025-07-10T12:13:35","slug":"tempo-seco-predomina-no-brasil-nos-proximos-dias","status":"publish","type":"post","link":"https:\/\/agromt.news\/?p=16473","title":{"rendered":"Tempo seco predomina no Brasil nos pr\u00f3ximos dias"},"content":{"rendered":"<p> <br \/>\n<br \/><img decoding=\"async\" src=\"https:\/\/agromt.news\/wp-content\/uploads\/2025\/07\/Tempo-seco-predomina-no-Brasil-nos-proximos-dias.jpg\" \/><\/p>\n<div>\n<p>A recente passagem de uma forte onda de frio pelo centro-sul do Brasil causou uma acentuada queda da temperatura, mas tamb\u00e9m ajudou a reduzir os n\u00edveis de umidade no ar. Na quarta-feira (9), o Distrito Federal e 15 estados brasileiros registraram n\u00edveis de umidade iguais ou abaixo de 30%. Em alguns locais de Goi\u00e1s, Minas Gerais e Mato Grosso, a umidade relativa do ar durante a tarde ficou um pouco abaixo dos 20%.<\/p>\n<p>O Instituto Nacional de Meteorologia registrou 17% em Montes Claros (MG), 19% em Sete Lagoas (MG), em Goi\u00e1s (GO)e em S\u00e3o Jos\u00e9 do Rio Claro (MT). Entre as capitais, as mais secas nesta quarta-feira foram Cuiab\u00e1, onde o n\u00edvel de umidade no ar baixou para 21%, Bras\u00edlia com umidade no ar m\u00ednima de 30%, Campo Grande com 31% e Belo Horizonte, onde a umidade relativa do ar chegou aos 33% na regi\u00e3o da Pampulha.<\/p>\n<p>N\u00edveis de umidade relativa do ar entre 21% e 30% representam uma situa\u00e7\u00e3o de aten\u00e7\u00e3o para a baixa umidade no ar. \u00cdndices de umidade no ar entre 11% e 20% s\u00e3o ainda mais cr\u00edticos e indicam uma situa\u00e7\u00e3o de alerta para o ar muito seco.<\/p>\n<h2 class=\"wp-block-heading\" id=\"h-ar-seco-continua-nos-proximos-dias\">Ar seco continua nos pr\u00f3ximos dias<br \/><\/h2>\n<p>Para esta quinta-feira, 10 de julho, a previs\u00e3o \u00e9 de mais um dia com ar seco em grande parte do Brasil. N\u00edveis de humidade no ar entre 21% e 30% devem voltar a ocorrer em v\u00e1rias \u00e1reas do sul da regi\u00e3o Norte, do interior do Nordeste, em praticamente todo o Centro-Oeste do pa\u00eds e tamb\u00e9m em parte de Minas Gerais e de S\u00e3o Paulo. \u00c9 poss\u00edvel at\u00e9 que algumas \u00e1reas do interior da regi\u00e3o Sul do Brasil registrem n\u00edveis de umidade no ar pr\u00f3ximos de 30%. Alguns locais do Centro-Oeste, do interior do Nordeste, do Sudeste e at\u00e9 da regi\u00e3o Norte poder\u00e3o registrar um pouco menos do que 20% de umidade no ar.<\/p>\n<\/div>\n<div>\n<p>Grande parte da popula\u00e7\u00e3o brasileira vai continuar convivendo com o ar muito seco pelo menos at\u00e9 o fim da primeira quinzena de julho. A chuva s\u00f3 deve ocorrer em \u00e1reas pr\u00f3ximas do mar e no extremo norte do pa\u00eds.<\/p>\n<p><em>Veja em primeira m\u00e3o tudo sobre agricultura, pecu\u00e1ria, economia e previs\u00e3o do tempo:<\/em><a href=\"https:\/\/news.google.com\/publications\/CAAqBwgKMPKZlQswq_mqAw?hl=pt-BR&amp;gl=BR&amp;ceid=BR%3Apt-419\"><em>\u00a0<\/em><strong><em>siga o Canal Rural no Google News!<\/em><\/strong><\/a><\/p>\n<h2 class=\"wp-block-heading\" id=\"h-riscos-para-saude\">Riscos para sa\u00fade<br \/><\/h2>\n<p>Pela recomenda\u00e7\u00e3o da Organiza\u00e7\u00e3o Mundial da Sa\u00fade, um ambiente saud\u00e1vel deve ter um n\u00edvel de umidade relativa do ar em torno dos 60%. O excesso e a falta de umidade no ar prejudicam a nossa sa\u00fade. Lugares muito \u00famidos facilitam a prolifera\u00e7\u00e3o de fungos e mofos.<br \/>Quando os n\u00edveis de umidade no ar est\u00e3o muito baixos, em geral menores do que 50%, significa que o ar que respiramos est\u00e1 muito seco. Essa falta de umidade resseca as mucosas das vias a\u00e9reas superiores. Mucosas ressecadas ficam mais sens\u00edveis, o que facilita o surgimento de microferidas, que se tornam \u00e1reas mais sujeitas \u00e0 penetra\u00e7\u00e3o de v\u00edrus e de bact\u00e9rias, que podem desenvolver infec\u00e7\u00f5es de intensidade variada. Al\u00e9m disso, a maioria dos v\u00edrus e bact\u00e9rias sobrevivem por mais tempo em ambiente seco.<br \/>Saiba mais sobre como o ar seco afeta a sua sa\u00fade.<\/p>\n<h2 class=\"wp-block-heading\" id=\"h-inverno\">Inverno<br \/><\/h2>\n<p>Uma das principais caracter\u00edsticas do inverno no Brasil s\u00e3o os dias com o ar muito seco, com n\u00edveis de umidade do ar que podem atingir valores em torno e abaixo dos 30% nas horas mais quentes do dia. Em situa\u00e7\u00f5es cr\u00edticas, a umidade relativa do ar pode baixar para menos de 20% em v\u00e1rias \u00e1reas do interior do Brasil. Isto acontece por causa da prolongada falta de chuva que \u00e9 caracter\u00edstica da esta\u00e7\u00e3o na maioria das \u00e1reas do pa\u00eds. Sem a chuva, a perda de umidade \u00e9 grande pelo processo natural de evapora\u00e7\u00e3o. Somente grandes frentes frias conseguem provocar alguma precipita\u00e7\u00e3o em \u00e1reas do Centro-Oeste ou do interior do Sudeste nos meses de inverno. Mesmo assim, em muitos locais, estas frentes frias causam apenas um aumento da nebulosidade, mas n\u00e3o chuva.<\/p>\n<div data-icp-cta=\"1\" id=\"icp-cta-unique\">Voc\u00ea quer entender como usar o clima a seu favor?<b> <\/b><a href=\"https:\/\/climacampo.canalrural.com.br\/climacampo_-01\">Preparamos um e-book exclusivo<\/a> para ajudar produtores rurais a se antecipar \u00e0s mudan\u00e7as do tempo e planejar melhor suas a\u00e7\u00f5es. Com base em previs\u00f5es meteorol\u00f3gicas confi\u00e1veis, ele oferece orienta\u00e7\u00f5es pr\u00e1ticas para proteger sua lavoura e otimizar seus resultados.<\/div>\n<\/div>\n<p><br \/>\n<br \/><a href=\"https:\/\/www.canalrural.com.br\/tempo\/tempo-seco-predomina-no-brasil-nos-proximos-dias\/\">Source link <\/a><\/p>\n","protected":false},"excerpt":{"rendered":"<p>A recente passagem de uma forte onda de frio pelo centro-sul do Brasil causou uma acentuada queda da temperatura, mas<\/p>\n","protected":false},"author":1,"featured_media":16474,"comment_status":"open","ping_status":"open","sticky":false,"template":"","format":"standard","meta":{"_monsterinsights_skip_tracking":false,"_monsterinsights_sitenote_active":false,"_monsterinsights_sitenote_note":"","_monsterinsights_sitenote_category":0,"_uf_show_specific_survey":0,"_uf_disable_surveys":false,"footnotes":""},"categories":[1],"tags":[],"class_list":["post-16473","post","type-post","status-publish","format-standard","has-post-thumbnail","hentry","category-news"],"_links":{"self":[{"href":"https:\/\/agromt.news\/index.php?rest_route=\/wp\/v2\/posts\/16473"}],"collection":[{"href":"https:\/\/agromt.news\/index.php?rest_route=\/wp\/v2\/posts"}],"about":[{"href":"https:\/\/agromt.news\/index.php?rest_route=\/wp\/v2\/types\/post"}],"author":[{"embeddable":true,"href":"https:\/\/agromt.news\/index.php?rest_route=\/wp\/v2\/users\/1"}],"replies":[{"embeddable":true,"href":"https:\/\/agromt.news\/index.php?rest_route=%2Fwp%2Fv2%2Fcomments&post=16473"}],"version-history":[{"count":0,"href":"https:\/\/agromt.news\/index.php?rest_route=\/wp\/v2\/posts\/16473\/revisions"}],"wp:featuredmedia":[{"embeddable":true,"href":"https:\/\/agromt.news\/index.php?rest_route=\/wp\/v2\/media\/16474"}],"wp:attachment":[{"href":"https:\/\/agromt.news\/index.php?rest_route=%2Fwp%2Fv2%2Fmedia&parent=16473"}],"wp:term":[{"taxonomy":"category","embeddable":true,"href":"https:\/\/agromt.news\/index.php?rest_route=%2Fwp%2Fv2%2Fcategories&post=16473"},{"taxonomy":"post_tag","embeddable":true,"href":"https:\/\/agromt.news\/index.php?rest_route=%2Fwp%2Fv2%2Ftags&post=16473"}],"curies":[{"name":"wp","href":"https:\/\/api.w.org\/{rel}","templated":true}]}}