{"id":16470,"date":"2025-07-10T07:05:08","date_gmt":"2025-07-10T11:05:08","guid":{"rendered":"https:\/\/agromt.news\/?p=16470"},"modified":"2025-07-10T07:05:08","modified_gmt":"2025-07-10T11:05:08","slug":"mais-de-28-mil-itens-veterinarios-ilegais-sao-apreendidos","status":"publish","type":"post","link":"https:\/\/agromt.news\/?p=16470","title":{"rendered":"Mais de 28 mil itens veterin\u00e1rios ilegais s\u00e3o apreendidos"},"content":{"rendered":"<p> <br \/>\n<\/p>\n<div>\n<div class=\"row\">\n<div class=\"col-lg col-infos mt-0 mt-lg-0\">\n<div class=\"section-sub-title\">\n<p itemprop=\"description\">&#13;<br \/>\n                                Todo o material recolhido permanecer\u00e1 apreendido at\u00e9 o encerramento do processo &#13;\n                            <\/p>\n<\/p><\/div>\n<div class=\"container\">\n<div class=\"row\">\n<div class=\"col-lg p-0\">\n<div>\n<div class=\"block-news-main-infos mt-3 text-start\">\n<p>                                            <strong class=\"fn\" itemprop=\"author\" style=\"color: rgb(112, 112, 112); \">&#13;<br \/>\n                                                <a href=\"https:\/\/www.agrolink.com.br\/noticias\/javascript:;\" class=\"text-uppercase\" target=\"_blank\" style=\"color: rgb(112, 112, 112); \" rel=\"noopener\">Agrolink<\/a>&#13;<br \/>\n&#13;<br \/>\n                                                    &#8211; Aline Merladete&#13;<br \/>\n&#13;<br \/>\n                                            <\/strong><br \/>\n                                        <\/p>\n<p>                                            <abbr><time datetime=\"2025-07-09T13:24\" itemprop=\"datePublished dateModified\">Publicado em 09\/07\/2025 \u00e0s 13:24h.<\/time><\/abbr><br \/>\n                                            <\/p><\/div>\n<\/p><\/div>\n<\/p><\/div>\n<div class=\"col-lg p-0 text-lg-end\">\n<div>\n<div id=\"mdEnviarPagina\" class=\"modal fade\" role=\"dialog\">\n<div class=\"modal-dialog\">\n<div class=\"modal-content\">\n<div class=\"modal-body\">\n<p><strong>Estimado usu\u00e1rio.<\/strong><br \/>Preencha o formul\u00e1rio abaixo para remeter a p\u00e1gina.<\/p>\n<\/p><\/div>\n<\/p><\/div>\n<\/p><\/div>\n<\/div><\/div>\n<\/p><\/div>\n<\/p><\/div>\n<\/p><\/div>\n<\/p><\/div>\n<\/p><\/div>\n<div class=\"row justify-content-md-center mt-3\">\n<div class=\"col-lg-auto col-image block-news-main-image\">\n<p>                                <img decoding=\"async\" src=\"https:\/\/www.agrolink.com.br\/upload\/imagens-resizes\/b477e1803b0c4fb384722018aa5ada73_858x483.jpg\" class=\"lazyload img-fluid\"\/><br \/>\n                                                <span class=\"publicity-photo d-block mt-1\">Foto: Mapa<\/span><\/p><\/div>\n<\/p><\/div>\n<div class=\"section-description section-description-noticias mt-3\">\n<p style=\"text-align:justify\">Uma opera\u00e7\u00e3o do Minist\u00e9rio da Agricultura e Pecu\u00e1ria (Mapa) resultou na apreens\u00e3o de mais de 28 mil produtos veterin\u00e1rios irregulares nos munic\u00edpios de Tocantins e Pira\u00faba, em Minas Gerais. A a\u00e7\u00e3o, realizada nos dias 2 e 3 de julho, teve como foco o combate \u00e0 produ\u00e7\u00e3o, importa\u00e7\u00e3o e comercializa\u00e7\u00e3o ilegal de medicamentos, suplementos, alimentos e itens de higiene e est\u00e9tica destinados a animais de estima\u00e7\u00e3o.&#13;\n<\/p>\n<p style=\"text-align:justify\">Segundo dados divulgados pelo Mapa, a Opera\u00e7\u00e3o Ronda Pet III revelou a exist\u00eancia de produtos sem registro oficial, com r\u00f3tulos falsificados e informa\u00e7\u00f5es enganosas, como a alega\u00e7\u00e3o de origem importada e o uso de n\u00fameros de registro inexistentes nos bancos de dados do governo. Al\u00e9m disso, o CNPJ da empresa supostamente respons\u00e1vel pela fabrica\u00e7\u00e3o dos itens tamb\u00e9m era inexistente, caracterizando tentativa de fraude contra o consumidor.<\/p>\n<p style=\"text-align:justify\">A a\u00e7\u00e3o foi conduzida pelo Programa Vigifronteiras e pelo Servi\u00e7o de Fiscaliza\u00e7\u00e3o de Insumos e Sa\u00fade Animal da Superintend\u00eancia do Mapa em Minas Gerais. A opera\u00e7\u00e3o contou ainda com o apoio da Delegacia da Pol\u00edcia Civil de Ub\u00e1\/MG e do Centro Integrado de Seguran\u00e7a P\u00fablica e Prote\u00e7\u00e3o Ambiental (CISPPA), ligado ao Minist\u00e9rio da Justi\u00e7a. O preju\u00edzo estimado aos envolvidos nas fraudes ultrapassa R$ 500 mil.&#13;\n<\/p>\n<p style=\"text-align:justify\">O uso de produtos veterin\u00e1rios sem registro representa uma amea\u00e7a grave \u00e0 sa\u00fade dos animais de estima\u00e7\u00e3o e \u00e0 sa\u00fade p\u00fablica. Sem comprova\u00e7\u00e3o de efic\u00e1cia e seguran\u00e7a, esses itens podem causar intoxica\u00e7\u00f5es, rea\u00e7\u00f5es al\u00e9rgicas e at\u00e9 levar os animais \u00e0 morte. Entre os produtos apreendidos est\u00e3o antiparasit\u00e1rios ilegais, que n\u00e3o apenas falham no combate aos parasitas como tamb\u00e9m representam risco de transmiss\u00e3o de zoonoses devido ao contato pr\u00f3ximo entre humanos e pets.<\/p>\n<p style=\"text-align:justify\">Todo o material recolhido permanecer\u00e1 apreendido at\u00e9 o encerramento do processo administrativo, quando ser\u00e1 determinada a sua destrui\u00e7\u00e3o conforme prev\u00ea a legisla\u00e7\u00e3o vigente. Amostras foram coletadas e encaminhadas para an\u00e1lise laboratorial oficial, e os respons\u00e1veis poder\u00e3o responder por crimes contra as rela\u00e7\u00f5es de consumo, falsifica\u00e7\u00e3o de produtos, entre outras infra\u00e7\u00f5es legais.&#13;\n<\/p>\n<\/p><\/div>\n<\/p><\/div>\n<p><script data-cfasync=\"false\">\n    !function (f, b, e, v, n, t, s) {\n        if (f.fbq) return; n = f.fbq = function () {\n            n.callMethod ?\n                n.callMethod.apply(n, arguments) : n.queue.push(arguments)\n        };\n        if (!f._fbq) f._fbq = n; n.push = n; n.loaded = !0; n.version = '2.0';\n        n.queue = []; t = b.createElement(e); t.async = !0;\n        t.src = v; s = b.getElementsByTagName(e)[0];\n        s.parentNode.insertBefore(t, s)\n    }(window, document, 'script',\n        'https:\/\/connect.facebook.net\/en_US\/fbevents.js');\n    fbq('init', '522546078623747');\n    fbq('track', 'PageView');\n<\/script><br \/>\n<br \/><br \/>\n<br \/><a href=\"https:\/\/www.agrolink.com.br\/noticias\/mais-de-28-mil-itens-veterinarios-ilegais-sao-apreendidos_503737.html\">Source link <\/a><\/p>\n","protected":false},"excerpt":{"rendered":"<p>&#13; Todo o material recolhido permanecer\u00e1 apreendido at\u00e9 o encerramento do processo &#13; &#13; Agrolink&#13; &#13; &#8211; Aline Merladete&#13; &#13;<\/p>\n","protected":false},"author":1,"featured_media":16471,"comment_status":"open","ping_status":"open","sticky":false,"template":"","format":"standard","meta":{"_monsterinsights_skip_tracking":false,"_monsterinsights_sitenote_active":false,"_monsterinsights_sitenote_note":"","_monsterinsights_sitenote_category":0,"_uf_show_specific_survey":0,"_uf_disable_surveys":false,"footnotes":""},"categories":[8,1,14],"tags":[],"class_list":["post-16470","post","type-post","status-publish","format-standard","has-post-thumbnail","hentry","category-agro","category-news","category-politica-agro"],"_links":{"self":[{"href":"https:\/\/agromt.news\/index.php?rest_route=\/wp\/v2\/posts\/16470"}],"collection":[{"href":"https:\/\/agromt.news\/index.php?rest_route=\/wp\/v2\/posts"}],"about":[{"href":"https:\/\/agromt.news\/index.php?rest_route=\/wp\/v2\/types\/post"}],"author":[{"embeddable":true,"href":"https:\/\/agromt.news\/index.php?rest_route=\/wp\/v2\/users\/1"}],"replies":[{"embeddable":true,"href":"https:\/\/agromt.news\/index.php?rest_route=%2Fwp%2Fv2%2Fcomments&post=16470"}],"version-history":[{"count":0,"href":"https:\/\/agromt.news\/index.php?rest_route=\/wp\/v2\/posts\/16470\/revisions"}],"wp:featuredmedia":[{"embeddable":true,"href":"https:\/\/agromt.news\/index.php?rest_route=\/wp\/v2\/media\/16471"}],"wp:attachment":[{"href":"https:\/\/agromt.news\/index.php?rest_route=%2Fwp%2Fv2%2Fmedia&parent=16470"}],"wp:term":[{"taxonomy":"category","embeddable":true,"href":"https:\/\/agromt.news\/index.php?rest_route=%2Fwp%2Fv2%2Fcategories&post=16470"},{"taxonomy":"post_tag","embeddable":true,"href":"https:\/\/agromt.news\/index.php?rest_route=%2Fwp%2Fv2%2Ftags&post=16470"}],"curies":[{"name":"wp","href":"https:\/\/api.w.org\/{rel}","templated":true}]}}