{"id":16468,"date":"2025-07-10T03:13:32","date_gmt":"2025-07-10T07:13:32","guid":{"rendered":"https:\/\/agromt.news\/?p=16468"},"modified":"2025-07-10T03:13:32","modified_gmt":"2025-07-10T07:13:32","slug":"setor-lacteo-repudia-campanha-da-notco-e-cobra-responsabilizacao-por-fake-news-contra-o-leite","status":"publish","type":"post","link":"https:\/\/agromt.news\/?p=16468","title":{"rendered":"Setor l\u00e1cteo repudia campanha da NotCo e cobra responsabiliza\u00e7\u00e3o por fake news contra o leite"},"content":{"rendered":"<p> <br \/>\n<\/p>\n<div>\n<p style=\"text-align:justify\">A campanha publicit\u00e1ria da empresa NotCo, assinada pela ag\u00eancia David, gerou forte rea\u00e7\u00e3o de entidades do setor l\u00e1cteo, que classificaram a a\u00e7\u00e3o como um desservi\u00e7o \u00e0 sociedade. Segundo nota divulgada nesta segunda-feira (8\/7), a pe\u00e7a publicit\u00e1ria associa o consumo de leite a doen\u00e7as gastrointestinais de forma generalizada, sem qualquer respaldo cient\u00edfico, utilizando linguagem jocosa e recursos visuais que desinformam e incitam o medo.&#13;\n<\/p>\n<p style=\"text-align:justify\">De acordo com dados divulgados pelas entidades representativas, a produ\u00e7\u00e3o de leite no Brasil envolve mais de 1 milh\u00e3o de produtores, com um rebanho de 15,6 milh\u00f5es de vacas e produ\u00e7\u00e3o anual de 35 bilh\u00f5es de litros. O leite \u00e9 uma das principais fontes de prote\u00edna acess\u00edvel para milh\u00f5es de brasileiros, sendo reconhecido pela Organiza\u00e7\u00e3o Mundial da Sa\u00fade (OMS) e pelo Minist\u00e9rio da Sa\u00fade como alimento essencial para uma dieta equilibrada.<\/p>\n<p style=\"text-align:justify\">A veicula\u00e7\u00e3o da campanha \u201cMam\u00edferos\u201d, da NotCo, provocou indigna\u00e7\u00e3o no setor produtivo. As pe\u00e7as utilizam elementos da mem\u00f3ria afetiva brasileira para atacar o consumo de leite, o que, segundo as entidades, fere o compromisso com a verdade e com a sa\u00fade p\u00fablica. A nota enfatiza que os impactos da campanha v\u00e3o al\u00e9m das empresas envolvidas, atingindo diretamente produtores, consumidores e todo o ecossistema do leite no pa\u00eds.&#13;\n<\/p>\n<p style=\"text-align:justify\">A resposta institucional ganhou for\u00e7a com a recomenda\u00e7\u00e3o do Conselho Nacional de Autorregulamenta\u00e7\u00e3o Publicit\u00e1ria (Conar), que, em 4 de julho, determinou a retirada das pe\u00e7as do ar. A decis\u00e3o do Conar refor\u00e7a a cr\u00edtica de que a publicidade veiculada n\u00e3o apenas falta com a verdade, mas tamb\u00e9m promove desinforma\u00e7\u00e3o com potencial de gerar preju\u00edzos econ\u00f4micos e sociais.<\/p>\n<p style=\"text-align:justify\">As entidades exigem a retirada imediata da campanha de todas as plataformas digitais, em conformidade com a legisla\u00e7\u00e3o que combate a dissemina\u00e7\u00e3o de fake news. Tamb\u00e9m pedem a responsabiliza\u00e7\u00e3o da empresa pelos danos causados ao setor leiteiro, destacando que a campanha atinge um alimento com alto valor nutricional e fundamental para a seguran\u00e7a alimentar da popula\u00e7\u00e3o brasileira.&#13;\n<\/p>\n<p style=\"text-align:justify\">A nota \u00e9 assinada por seis importantes entidades: Abraleite, Viva L\u00e1cteos, G-100, ABIQ, ABLV e outras representantes da cadeia produtiva, que refor\u00e7am o pedido de provid\u00eancias urgentes para que casos como este n\u00e3o se repitam e para que o respeito \u00e0 ci\u00eancia e ao consumidor prevale\u00e7a na comunica\u00e7\u00e3o comercial.<\/p>\n<\/p><\/div>\n<p><script data-cfasync=\"false\">\n    !function (f, b, e, v, n, t, s) {\n        if (f.fbq) return; n = f.fbq = function () {\n            n.callMethod ?\n                n.callMethod.apply(n, arguments) : n.queue.push(arguments)\n        };\n        if (!f._fbq) f._fbq = n; n.push = n; n.loaded = !0; n.version = '2.0';\n        n.queue = []; t = b.createElement(e); t.async = !0;\n        t.src = v; s = b.getElementsByTagName(e)[0];\n        s.parentNode.insertBefore(t, s)\n    }(window, document, 'script',\n        'https:\/\/connect.facebook.net\/en_US\/fbevents.js');\n    fbq('init', '522546078623747');\n    fbq('track', 'PageView');\n<\/script><br \/>\n<br \/><br \/>\n<br \/><a href=\"https:\/\/www.agrolink.com.br\/noticias\/setor-lacteo-repudia-campanha-da-notco-e-cobra-responsabilizacao-por-fake-news-contra-o-leite_503739.html\">Source link <\/a><\/p>\n","protected":false},"excerpt":{"rendered":"<p>A campanha publicit\u00e1ria da empresa NotCo, assinada pela ag\u00eancia David, gerou forte rea\u00e7\u00e3o de entidades do setor l\u00e1cteo, que classificaram<\/p>\n","protected":false},"author":1,"featured_media":3030,"comment_status":"open","ping_status":"open","sticky":false,"template":"","format":"standard","meta":{"_monsterinsights_skip_tracking":false,"_monsterinsights_sitenote_active":false,"_monsterinsights_sitenote_note":"","_monsterinsights_sitenote_category":0,"_uf_show_specific_survey":0,"_uf_disable_surveys":false,"footnotes":""},"categories":[8,1,14],"tags":[],"class_list":["post-16468","post","type-post","status-publish","format-standard","has-post-thumbnail","hentry","category-agro","category-news","category-politica-agro"],"_links":{"self":[{"href":"https:\/\/agromt.news\/index.php?rest_route=\/wp\/v2\/posts\/16468"}],"collection":[{"href":"https:\/\/agromt.news\/index.php?rest_route=\/wp\/v2\/posts"}],"about":[{"href":"https:\/\/agromt.news\/index.php?rest_route=\/wp\/v2\/types\/post"}],"author":[{"embeddable":true,"href":"https:\/\/agromt.news\/index.php?rest_route=\/wp\/v2\/users\/1"}],"replies":[{"embeddable":true,"href":"https:\/\/agromt.news\/index.php?rest_route=%2Fwp%2Fv2%2Fcomments&post=16468"}],"version-history":[{"count":0,"href":"https:\/\/agromt.news\/index.php?rest_route=\/wp\/v2\/posts\/16468\/revisions"}],"wp:featuredmedia":[{"embeddable":true,"href":"https:\/\/agromt.news\/index.php?rest_route=\/wp\/v2\/media\/3030"}],"wp:attachment":[{"href":"https:\/\/agromt.news\/index.php?rest_route=%2Fwp%2Fv2%2Fmedia&parent=16468"}],"wp:term":[{"taxonomy":"category","embeddable":true,"href":"https:\/\/agromt.news\/index.php?rest_route=%2Fwp%2Fv2%2Fcategories&post=16468"},{"taxonomy":"post_tag","embeddable":true,"href":"https:\/\/agromt.news\/index.php?rest_route=%2Fwp%2Fv2%2Ftags&post=16468"}],"curies":[{"name":"wp","href":"https:\/\/api.w.org\/{rel}","templated":true}]}}