{"id":16464,"date":"2025-07-09T23:16:05","date_gmt":"2025-07-10T03:16:05","guid":{"rendered":"https:\/\/agromt.news\/?p=16464"},"modified":"2025-07-09T23:16:05","modified_gmt":"2025-07-10T03:16:05","slug":"oeste-da-bahia-sedia-maior-evento-tecnico-do-cacau-no-brasil","status":"publish","type":"post","link":"https:\/\/agromt.news\/?p=16464","title":{"rendered":"Oeste da Bahia sedia maior evento t\u00e9cnico do cacau no Brasil"},"content":{"rendered":"<p> <br \/>\n<\/p>\n<div>\n<div class=\"row\">\n<div class=\"col-lg col-infos mt-0 mt-lg-0\">\n<div class=\"section-sub-title\">\n<p itemprop=\"description\">&#13;<br \/>\n                                Cacauicultura 4.0 impulsiona cadeia produtiva do cacau&#13;\n                            <\/p>\n<\/p><\/div>\n<div class=\"container\">\n<div class=\"row\">\n<div class=\"col-lg p-0\">\n<div>\n<div class=\"block-news-main-infos mt-3 text-start\">\n<p>                                            <strong class=\"fn\" itemprop=\"author\" style=\"color: rgb(112, 112, 112); \">&#13;<br \/>\n                                                <a href=\"https:\/\/www.agrolink.com.br\/noticias\/javascript:;\" class=\"text-uppercase\" target=\"_blank\" style=\"color: rgb(112, 112, 112); \" rel=\"noopener\">Agrolink<\/a>&#13;<br \/>\n&#13;<br \/>\n                                                    &#8211; Aline Merladete&#13;<br \/>\n&#13;<br \/>\n                                            <\/strong><br \/>\n                                        <\/p>\n<p>                                            <abbr><time datetime=\"2025-07-09T14:12\" itemprop=\"datePublished dateModified\">Publicado em 09\/07\/2025 \u00e0s 14:12h.<\/time><\/abbr><br \/>\n                                            <\/p><\/div>\n<\/p><\/div>\n<\/p><\/div>\n<div class=\"col-lg p-0 text-lg-end\">\n<div>\n<div id=\"mdEnviarPagina\" class=\"modal fade\" role=\"dialog\">\n<div class=\"modal-dialog\">\n<div class=\"modal-content\">\n<div class=\"modal-body\">\n<p><strong>Estimado usu\u00e1rio.<\/strong><br \/>Preencha o formul\u00e1rio abaixo para remeter a p\u00e1gina.<\/p>\n<\/p><\/div>\n<\/p><\/div>\n<\/p><\/div>\n<\/div><\/div>\n<\/p><\/div>\n<\/p><\/div>\n<\/p><\/div>\n<\/p><\/div>\n<\/p><\/div>\n<div class=\"row justify-content-md-center mt-3\">\n<div class=\"col-lg-auto col-image block-news-main-image\">\n<p>                                <img decoding=\"async\" src=\"https:\/\/www.agrolink.com.br\/upload\/imagens-resizes\/b3b28496994d4850b98015b8a4b764ea_858x483.jpg\" class=\"lazyload img-fluid\"\/><br \/>\n                                                <span class=\"publicity-photo d-block mt-1\">Foto: Divulga\u00e7\u00e3o<\/span><\/p><\/div>\n<\/p><\/div>\n<div class=\"section-description section-description-noticias mt-3\">\n<p style=\"text-align:justify\">Barreiras e Riach\u00e3o das Neves, no Oeste da Bahia, recebem a partir desta quinta-feira (10) a quarta edi\u00e7\u00e3o da Cacauicultura 4.0, o maior evento t\u00e9cnico da cadeia do cacau no Brasil. A programa\u00e7\u00e3o, que vai at\u00e9 s\u00e1bado (12), inclui palestras, pain\u00e9is tem\u00e1ticos e visitas a campo, reunindo produtores, especialistas, empresas, investidores e representantes do setor p\u00fablico.&#13;\n<\/p>\n<p style=\"text-align:justify\">Segundo informa\u00e7\u00f5es divulgadas pela Associa\u00e7\u00e3o de Agricultores e Irrigantes da Bahia (Aiba), organizadora do evento, o objetivo \u00e9 fomentar o desenvolvimento da cultura cacaueira na regi\u00e3o, com foco em inova\u00e7\u00e3o tecnol\u00f3gica, sustentabilidade e amplia\u00e7\u00e3o da produ\u00e7\u00e3o de cacau irrigado. O encontro acontece em dois polos estrat\u00e9gicos da nova fronteira agr\u00edcola do cacau no pa\u00eds.<\/p>\n<p style=\"text-align:justify\">Na sexta-feira (11), o evento segue com um ciclo de palestras t\u00e9cnicas que abordar\u00e3o temas como melhoramento gen\u00e9tico de variedades, uso de bioinsumos, sistemas de irriga\u00e7\u00e3o, rastreabilidade e tend\u00eancias do mercado cacaueiro. J\u00e1 no s\u00e1bado (12), a programa\u00e7\u00e3o ser\u00e1 encerrada com um Dia de Campo na Fazenda Santa Helena, em Riach\u00e3o das Neves, onde os participantes poder\u00e3o conferir de perto as lavouras irrigadas e conhecer inova\u00e7\u00f5es tecnol\u00f3gicas aplicadas na produ\u00e7\u00e3o de cacau.&#13;\n<\/p>\n<p style=\"text-align:justify\">A Cacauicultura 4.0 conta com o apoio das Prefeituras de Barreiras e Riach\u00e3o das Neves, do Governo do Estado da Bahia e de institui\u00e7\u00f5es como Ceplac, AIPC, Centro de Inova\u00e7\u00e3o do Cacau (CIC) e empresas do setor agr\u00edcola. As inscri\u00e7\u00f5es para o evento seguem abertas pelo site oficial: <a href=\"https:\/\/cacau.wiesoo.com\/\" target=\"_blank\" rel=\"noopener\">https:\/\/cacau.wiesoo.com\/<\/a><\/p>\n<\/p><\/div>\n<\/p><\/div>\n<p><script data-cfasync=\"false\">\n    !function (f, b, e, v, n, t, s) {\n        if (f.fbq) return; n = f.fbq = function () {\n            n.callMethod ?\n                n.callMethod.apply(n, arguments) : n.queue.push(arguments)\n        };\n        if (!f._fbq) f._fbq = n; n.push = n; n.loaded = !0; n.version = '2.0';\n        n.queue = []; t = b.createElement(e); t.async = !0;\n        t.src = v; s = b.getElementsByTagName(e)[0];\n        s.parentNode.insertBefore(t, s)\n    }(window, document, 'script',\n        'https:\/\/connect.facebook.net\/en_US\/fbevents.js');\n    fbq('init', '522546078623747');\n    fbq('track', 'PageView');\n<\/script><br \/>\n<br \/><br \/>\n<br \/><a href=\"https:\/\/www.agrolink.com.br\/noticias\/oeste-da-bahia-sedia-maior-evento-tecnico-do-cacau-no-brasil_503741.html\">Source link <\/a><\/p>\n","protected":false},"excerpt":{"rendered":"<p>&#13; Cacauicultura 4.0 impulsiona cadeia produtiva do cacau&#13; &#13; Agrolink&#13; &#13; &#8211; Aline Merladete&#13; &#13; Publicado em 09\/07\/2025 \u00e0s 14:12h.<\/p>\n","protected":false},"author":1,"featured_media":16465,"comment_status":"open","ping_status":"open","sticky":false,"template":"","format":"standard","meta":{"_monsterinsights_skip_tracking":false,"_monsterinsights_sitenote_active":false,"_monsterinsights_sitenote_note":"","_monsterinsights_sitenote_category":0,"_uf_show_specific_survey":0,"_uf_disable_surveys":false,"footnotes":""},"categories":[8,1,14],"tags":[],"class_list":["post-16464","post","type-post","status-publish","format-standard","has-post-thumbnail","hentry","category-agro","category-news","category-politica-agro"],"_links":{"self":[{"href":"https:\/\/agromt.news\/index.php?rest_route=\/wp\/v2\/posts\/16464"}],"collection":[{"href":"https:\/\/agromt.news\/index.php?rest_route=\/wp\/v2\/posts"}],"about":[{"href":"https:\/\/agromt.news\/index.php?rest_route=\/wp\/v2\/types\/post"}],"author":[{"embeddable":true,"href":"https:\/\/agromt.news\/index.php?rest_route=\/wp\/v2\/users\/1"}],"replies":[{"embeddable":true,"href":"https:\/\/agromt.news\/index.php?rest_route=%2Fwp%2Fv2%2Fcomments&post=16464"}],"version-history":[{"count":0,"href":"https:\/\/agromt.news\/index.php?rest_route=\/wp\/v2\/posts\/16464\/revisions"}],"wp:featuredmedia":[{"embeddable":true,"href":"https:\/\/agromt.news\/index.php?rest_route=\/wp\/v2\/media\/16465"}],"wp:attachment":[{"href":"https:\/\/agromt.news\/index.php?rest_route=%2Fwp%2Fv2%2Fmedia&parent=16464"}],"wp:term":[{"taxonomy":"category","embeddable":true,"href":"https:\/\/agromt.news\/index.php?rest_route=%2Fwp%2Fv2%2Fcategories&post=16464"},{"taxonomy":"post_tag","embeddable":true,"href":"https:\/\/agromt.news\/index.php?rest_route=%2Fwp%2Fv2%2Ftags&post=16464"}],"curies":[{"name":"wp","href":"https:\/\/api.w.org\/{rel}","templated":true}]}}