{"id":16463,"date":"2025-07-09T21:20:20","date_gmt":"2025-07-10T01:20:20","guid":{"rendered":"https:\/\/agromt.news\/?p=16463"},"modified":"2025-07-09T21:20:20","modified_gmt":"2025-07-10T01:20:20","slug":"chocolate-ja-sente-o-preco-do-cacau","status":"publish","type":"post","link":"https:\/\/agromt.news\/?p=16463","title":{"rendered":"Chocolate j\u00e1 sente o pre\u00e7o do cacau"},"content":{"rendered":"<p> <br \/>\n<\/p>\n<div>\n<p>No Dia Mundial do Chocolate, celebrado na \u00faltima\u00a0segunda-feira (7), dados da Neogrid mostram que a crise global do cacau tem afetado diretamente o bolso dos consumidores. Os pre\u00e7os dos principais derivados, como barras e bombons, continuam em alta, tornando o doce mais caro e provocando mudan\u00e7as no comportamento de compra dos brasileiros.&#13;\n<\/p>\n<p>Entre junho de 2024 e janeiro de 2025, os pre\u00e7os m\u00e9dios das barras de chocolate e dos bombons atingiram picos de R$ 113,84 e R$ 113,93. Enquanto os bombons registraram leve queda nos meses seguintes, as barras voltaram a subir em abril. O aumento est\u00e1 ligado \u00e0 quebra de safra em pa\u00edses da \u00c1frica Ocidental, respons\u00e1veis por 65% da produ\u00e7\u00e3o mundial. Em Gana, 81% das planta\u00e7\u00f5es foram atingidas por uma virose que afetou severamente a oferta da mat\u00e9ria-prima, levando o pre\u00e7o do cacau ao maior n\u00edvel em 50 anos.<\/p>\n<p>\u201cEssa mudan\u00e7a no mix de consumo indica que, al\u00e9m do pre\u00e7o final, o comportamento do brasileiro se adapta em rela\u00e7\u00e3o ao produto\u201d, analisa Anna Carolina Fercher, l\u00edder de Dados Estrat\u00e9gicos na Neogrid. \u201cComo o consumidor j\u00e1 sabe que precisar\u00e1 pagar mais por esses itens, h\u00e1 uma clara tend\u00eancia de valoriza\u00e7\u00e3o de chocolates mais sofisticados, como os bombons, que proporcionam uma experi\u00eancia diferenciada com foco na qualidade, inova\u00e7\u00e3o e exclusividade.\u201d&#13;\n<\/p>\n<p>Mesmo com os pre\u00e7os elevados, os bombons e chocolates recheados aumentaram sua participa\u00e7\u00e3o nas compras em maio, chegando a 67,3%, enquanto as barras de chocolate perderam espa\u00e7o. A mudan\u00e7a indica uma prefer\u00eancia por produtos mais indulgentes, mesmo com o custo mais alto.<\/p>\n<p>J\u00e1 na categoria de chocolates usados em receitas, o chocolate em p\u00f3 perdeu presen\u00e7a, caindo de 84,7% para 79% entre janeiro e maio de 2025. Em contrapartida, o cacau em p\u00f3, menos processado, cresceu de 15,7% para 21,5%, mesmo com um aumento de 6,2% no pre\u00e7o no per\u00edodo, alcan\u00e7ando R$ 94,34 o quilo.\u00a0&#13;\n<\/p>\n<p>\u201cO impacto da alta hist\u00f3rica do cacau no mercado ainda se desdobra no comportamento do shopper. Mesmo com um al\u00edvio recente nos contratos futuros, o consumidor j\u00e1 demonstrou mudan\u00e7as no padr\u00e3o de compra e novas prefer\u00eancias de produto\u201d, finaliza Fercher.<br \/>&#13;<br \/>\n\u00a0<\/p>\n<\/p><\/div>\n<p><script data-cfasync=\"false\">\n    !function (f, b, e, v, n, t, s) {\n        if (f.fbq) return; n = f.fbq = function () {\n            n.callMethod ?\n                n.callMethod.apply(n, arguments) : n.queue.push(arguments)\n        };\n        if (!f._fbq) f._fbq = n; n.push = n; n.loaded = !0; n.version = '2.0';\n        n.queue = []; t = b.createElement(e); t.async = !0;\n        t.src = v; s = b.getElementsByTagName(e)[0];\n        s.parentNode.insertBefore(t, s)\n    }(window, document, 'script',\n        'https:\/\/connect.facebook.net\/en_US\/fbevents.js');\n    fbq('init', '522546078623747');\n    fbq('track', 'PageView');\n<\/script><br \/>\n<br \/><br \/>\n<br \/><a href=\"https:\/\/www.agrolink.com.br\/noticias\/chocolate-ja-sente-o-preco-do-cacau_503742.html\">Source link <\/a><\/p>\n","protected":false},"excerpt":{"rendered":"<p>No Dia Mundial do Chocolate, celebrado na \u00faltima\u00a0segunda-feira (7), dados da Neogrid mostram que a crise global do cacau tem<\/p>\n","protected":false},"author":1,"featured_media":11558,"comment_status":"open","ping_status":"open","sticky":false,"template":"","format":"standard","meta":{"_monsterinsights_skip_tracking":false,"_monsterinsights_sitenote_active":false,"_monsterinsights_sitenote_note":"","_monsterinsights_sitenote_category":0,"_uf_show_specific_survey":0,"_uf_disable_surveys":false,"footnotes":""},"categories":[8,1,14],"tags":[],"class_list":["post-16463","post","type-post","status-publish","format-standard","has-post-thumbnail","hentry","category-agro","category-news","category-politica-agro"],"_links":{"self":[{"href":"https:\/\/agromt.news\/index.php?rest_route=\/wp\/v2\/posts\/16463"}],"collection":[{"href":"https:\/\/agromt.news\/index.php?rest_route=\/wp\/v2\/posts"}],"about":[{"href":"https:\/\/agromt.news\/index.php?rest_route=\/wp\/v2\/types\/post"}],"author":[{"embeddable":true,"href":"https:\/\/agromt.news\/index.php?rest_route=\/wp\/v2\/users\/1"}],"replies":[{"embeddable":true,"href":"https:\/\/agromt.news\/index.php?rest_route=%2Fwp%2Fv2%2Fcomments&post=16463"}],"version-history":[{"count":0,"href":"https:\/\/agromt.news\/index.php?rest_route=\/wp\/v2\/posts\/16463\/revisions"}],"wp:featuredmedia":[{"embeddable":true,"href":"https:\/\/agromt.news\/index.php?rest_route=\/wp\/v2\/media\/11558"}],"wp:attachment":[{"href":"https:\/\/agromt.news\/index.php?rest_route=%2Fwp%2Fv2%2Fmedia&parent=16463"}],"wp:term":[{"taxonomy":"category","embeddable":true,"href":"https:\/\/agromt.news\/index.php?rest_route=%2Fwp%2Fv2%2Fcategories&post=16463"},{"taxonomy":"post_tag","embeddable":true,"href":"https:\/\/agromt.news\/index.php?rest_route=%2Fwp%2Fv2%2Ftags&post=16463"}],"curies":[{"name":"wp","href":"https:\/\/api.w.org\/{rel}","templated":true}]}}