{"id":16461,"date":"2025-07-09T19:24:35","date_gmt":"2025-07-09T23:24:35","guid":{"rendered":"https:\/\/agromt.news\/?p=16461"},"modified":"2025-07-09T19:24:35","modified_gmt":"2025-07-09T23:24:35","slug":"sem-novas-mortes-foco-de-influenza-aviaria-em-zoologico-e-considerado-encerrado","status":"publish","type":"post","link":"https:\/\/agromt.news\/?p=16461","title":{"rendered":"Sem novas mortes, foco de influenza avi\u00e1ria em zool\u00f3gico \u00e9 considerado encerrado"},"content":{"rendered":"<p> <br \/>\n<\/p>\n<div>\n<div class=\"row\">\n<div class=\"col-lg col-infos mt-0 mt-lg-0\">\n<div class=\"section-sub-title\">\n<p itemprop=\"description\">&#13;<br \/>\n                                Desde o dia 24 de junho n\u00e3o houve novas notifica\u00e7\u00f5es de mortes de aves &#13;\n                            <\/p>\n<\/p><\/div>\n<div class=\"container\">\n<div class=\"row\">\n<div class=\"col-lg p-0\">\n<div>\n<div class=\"block-news-main-infos mt-3 text-start\">\n<p>                                            <strong class=\"fn\" itemprop=\"author\" style=\"color: rgb(112, 112, 112); \">&#13;<br \/>\n                                                <a href=\"https:\/\/www.agrolink.com.br\/noticias\/javascript:;\" class=\"text-uppercase\" target=\"_blank\" style=\"color: rgb(112, 112, 112); \" rel=\"noopener\">Agrolink<\/a>&#13;<br \/>\n&#13;<br \/>\n                                                    &#8211; Aline Merladete&#13;<br \/>\n&#13;<br \/>\n                                            <\/strong><br \/>\n                                        <\/p>\n<p>                                            <abbr><time datetime=\"2025-07-09T15:03\" itemprop=\"datePublished dateModified\">Publicado em 09\/07\/2025 \u00e0s 15:03h.<\/time><\/abbr><br \/>\n                                            <\/p><\/div>\n<\/p><\/div>\n<\/p><\/div>\n<div class=\"col-lg p-0 text-lg-end\">\n<div>\n<div id=\"mdEnviarPagina\" class=\"modal fade\" role=\"dialog\">\n<div class=\"modal-dialog\">\n<div class=\"modal-content\">\n<div class=\"modal-body\">\n<p><strong>Estimado usu\u00e1rio.<\/strong><br \/>Preencha o formul\u00e1rio abaixo para remeter a p\u00e1gina.<\/p>\n<\/p><\/div>\n<\/p><\/div>\n<\/p><\/div>\n<\/div><\/div>\n<\/p><\/div>\n<\/p><\/div>\n<\/p><\/div>\n<\/p><\/div>\n<\/p><\/div>\n<div class=\"row justify-content-md-center mt-3\">\n<div class=\"col-lg-auto col-image block-news-main-image\">\n<p>                                <img decoding=\"async\" src=\"https:\/\/www.agrolink.com.br\/upload\/imagens-resizes\/79f003594f0f4b5cbfc2ab4afdd48b4b_858x483.jpg\" class=\"lazyload img-fluid\"\/><br \/>\n                                                <span class=\"publicity-photo d-block mt-1\">Foto: Ascom Sema<\/span><\/p><\/div>\n<\/p><\/div>\n<div class=\"section-description section-description-noticias mt-3\">\n<p style=\"text-align:justify\">O Zool\u00f3gico de Sapucaia do Sul, no Rio Grande do Sul, teve a interdi\u00e7\u00e3o sanit\u00e1ria suspensa nesta ter\u00e7a-feira (8), ap\u00f3s 14 dias sem registros de mortes de aves silvestres por influenza avi\u00e1ria. O prazo equivale ao per\u00edodo de incuba\u00e7\u00e3o do v\u00edrus, e a aus\u00eancia de novos \u00f3bitos permitiu que o local fosse considerado livre do foco da doen\u00e7a.&#13;\n<\/p>\n<p style=\"text-align:justify\">Segundo informa\u00e7\u00f5es da Secretaria da Agricultura, Pecu\u00e1ria, Produ\u00e7\u00e3o Sustent\u00e1vel e Irriga\u00e7\u00e3o (Seapi), desde o dia 24 de junho n\u00e3o houve novas notifica\u00e7\u00f5es de mortes de aves no zool\u00f3gico. A situa\u00e7\u00e3o foi comunicada oficialmente ao Minist\u00e9rio da Agricultura e Pecu\u00e1ria (Mapa), que acompanha os casos da doen\u00e7a no pa\u00eds.<\/p>\n<p style=\"text-align:justify\">Durante o \u00faltimo m\u00eas, apenas cinco mortes relacionadas ao v\u00edrus foram registradas, todas anteriores ao dia 24. De acordo com a diretora do Departamento de Vigil\u00e2ncia e Defesa Sanit\u00e1ria Animal (DDA), Rosane Collares, os dados t\u00e9cnicos apontam para um cen\u00e1rio est\u00e1vel e seguro. \u201cA desinterdi\u00e7\u00e3o \u00e9 um passo importante, pois demonstra a efic\u00e1cia das a\u00e7\u00f5es de conten\u00e7\u00e3o adotadas e refor\u00e7a a import\u00e2ncia da vigil\u00e2ncia cont\u00ednua em ambientes com popula\u00e7\u00f5es de aves silvestres\u201d, afirmou.&#13;\n<\/p>\n<p style=\"text-align:justify\">O foco da gripe avi\u00e1ria foi confirmado em 15 de maio. Desde ent\u00e3o, o zool\u00f3gico operava sob restri\u00e7\u00f5es na movimenta\u00e7\u00e3o de aves como medida de controle sanit\u00e1rio. Ao todo, 168 aves silvestres de 11 esp\u00e9cies diferentes morreram durante o per\u00edodo de emerg\u00eancia.<\/p>\n<p style=\"text-align:justify\">Mesmo com o fim da interdi\u00e7\u00e3o, a Seapi informa que o monitoramento sanit\u00e1rio no local continuar\u00e1 de forma permanente, seguindo os protocolos nacionais de preven\u00e7\u00e3o e controle da influenza avi\u00e1ria. A vigil\u00e2ncia segue especialmente rigorosa em \u00e1reas com presen\u00e7a de aves silvestres.&#13;\n<\/p>\n<\/p><\/div>\n<\/p><\/div>\n<p><script data-cfasync=\"false\">\n    !function (f, b, e, v, n, t, s) {\n        if (f.fbq) return; n = f.fbq = function () {\n            n.callMethod ?\n                n.callMethod.apply(n, arguments) : n.queue.push(arguments)\n        };\n        if (!f._fbq) f._fbq = n; n.push = n; n.loaded = !0; n.version = '2.0';\n        n.queue = []; t = b.createElement(e); t.async = !0;\n        t.src = v; s = b.getElementsByTagName(e)[0];\n        s.parentNode.insertBefore(t, s)\n    }(window, document, 'script',\n        'https:\/\/connect.facebook.net\/en_US\/fbevents.js');\n    fbq('init', '522546078623747');\n    fbq('track', 'PageView');\n<\/script><br \/>\n<br \/><br \/>\n<br \/><a href=\"https:\/\/www.agrolink.com.br\/noticias\/rs--sem-novas-mortes--foco-de-influenza-aviaria-em-zoologico-e-considerado-encerrado_503743.html\">Source link <\/a><\/p>\n","protected":false},"excerpt":{"rendered":"<p>&#13; Desde o dia 24 de junho n\u00e3o houve novas notifica\u00e7\u00f5es de mortes de aves &#13; &#13; Agrolink&#13; &#13; &#8211;<\/p>\n","protected":false},"author":1,"featured_media":16462,"comment_status":"open","ping_status":"open","sticky":false,"template":"","format":"standard","meta":{"_monsterinsights_skip_tracking":false,"_monsterinsights_sitenote_active":false,"_monsterinsights_sitenote_note":"","_monsterinsights_sitenote_category":0,"_uf_show_specific_survey":0,"_uf_disable_surveys":false,"footnotes":""},"categories":[8,1,14],"tags":[],"class_list":["post-16461","post","type-post","status-publish","format-standard","has-post-thumbnail","hentry","category-agro","category-news","category-politica-agro"],"_links":{"self":[{"href":"https:\/\/agromt.news\/index.php?rest_route=\/wp\/v2\/posts\/16461"}],"collection":[{"href":"https:\/\/agromt.news\/index.php?rest_route=\/wp\/v2\/posts"}],"about":[{"href":"https:\/\/agromt.news\/index.php?rest_route=\/wp\/v2\/types\/post"}],"author":[{"embeddable":true,"href":"https:\/\/agromt.news\/index.php?rest_route=\/wp\/v2\/users\/1"}],"replies":[{"embeddable":true,"href":"https:\/\/agromt.news\/index.php?rest_route=%2Fwp%2Fv2%2Fcomments&post=16461"}],"version-history":[{"count":0,"href":"https:\/\/agromt.news\/index.php?rest_route=\/wp\/v2\/posts\/16461\/revisions"}],"wp:featuredmedia":[{"embeddable":true,"href":"https:\/\/agromt.news\/index.php?rest_route=\/wp\/v2\/media\/16462"}],"wp:attachment":[{"href":"https:\/\/agromt.news\/index.php?rest_route=%2Fwp%2Fv2%2Fmedia&parent=16461"}],"wp:term":[{"taxonomy":"category","embeddable":true,"href":"https:\/\/agromt.news\/index.php?rest_route=%2Fwp%2Fv2%2Fcategories&post=16461"},{"taxonomy":"post_tag","embeddable":true,"href":"https:\/\/agromt.news\/index.php?rest_route=%2Fwp%2Fv2%2Ftags&post=16461"}],"curies":[{"name":"wp","href":"https:\/\/api.w.org\/{rel}","templated":true}]}}