{"id":16457,"date":"2025-07-09T18:00:55","date_gmt":"2025-07-09T22:00:55","guid":{"rendered":"https:\/\/agromt.news\/?p=16457"},"modified":"2025-07-09T18:00:55","modified_gmt":"2025-07-09T22:00:55","slug":"setor-leiteiro-considera-positiva-medida-que-preve-financiamento-para","status":"publish","type":"post","link":"https:\/\/agromt.news\/?p=16457","title":{"rendered":"Setor Leiteiro considera positiva medida que prev\u00ea financiamento para&#8230;"},"content":{"rendered":"<p> <br \/>\n<\/p>\n<div>\n<p>An\u00fancio foi feito pelo governo Federal ao divulgar o Plano Safra 2025\/2026 para a agricultura familiar<\/p>\n<div class=\"materia\">\n<p>O novo Plano Safra voltado \u00e0 agricultura familiar para o bi\u00eanio 2025\/2026, apresentado nesta segunda-feira, 30 de junho, pelo Governo Federal, trouxe como uma das novidades o Programa de Transfer\u00eancia de Embri\u00f5es, uma iniciativa que visa financiar a melhoria gen\u00e9tica e a produtividade na cadeia leiteira. O presidente da Associa\u00e7\u00e3o de Criadores de Gado Holand\u00eas do Rio Grande do Sul (Gadolando) e da Federa\u00e7\u00e3o Brasileira das Associa\u00e7\u00f5es de Criadores de Animais de Ra\u00e7a (Febrac), Marcos Tang, considera positivo o interesse em ajudar o produtor a ter uma melhor gen\u00e9tica para seus animais, \u201cdesde que sejam recursos com juros acess\u00edveis e sem muita burocracia\u201d.<\/p>\n<p>\nConforme Tang, \u00e9 muito interessante pensar em tecnologia para avan\u00e7ar geneticamente de uma forma mais r\u00e1pida, ou seja, \u201ca multiplica\u00e7\u00e3o dos animais diferenciados\u201d. &#8220;Desta forma, o produtor realmente pode ter as filhas das melhores vacas que j\u00e1 se provaram. Mas a\u00ed entra a quest\u00e3o da assist\u00eancia t\u00e9cnica, que \u00e9 fundamental. Como ir\u00e3o ser escolhidas essas matrizes que ser\u00e3o as reprodutoras, as m\u00e3es das futuras vacas?&#8221;, questiona o dirigente, dizendo que para ser uma doadora de embri\u00f5es a vaca deve ter, em primeiro lugar, o seu registro oficializado, controle leiteiro e an\u00e1lise morfol\u00f3gica. \u201cPortanto, o produtor precisa ter esse apoio t\u00e9cnico, cient\u00edfico, para realmente escolher bem as matrizes que ser\u00e3o as m\u00e3es das futuras gera\u00e7\u00f5es\u201d, observa.<\/p>\n<p>\nO presidente da Gadolando e da Febrac enfatiza, ainda, que \u00e9 um trabalho que precisa ser feito com muita parcim\u00f4nia, com muito cuidado, para que haja um bom uso do dinheiro. \u201cTemos que ver como vai ser o programa, quem tem direito, e a\u00ed entra a responsabilidade de todas as associa\u00e7\u00f5es envolvidas com a cadeia leiteira em dar esse suporte e ajudar na escolha dessas matrizes que ser\u00e3o replicadas\u201d, adianta.<\/p>\n<\/p><\/div>\n<div class=\"grupo-whatsapp\">\n      J\u00e1 segue nosso Canal oficial no WhatsApp? <a href=\"https:\/\/bit.ly\/Canal_NA\" target=\"_blank\" rel=\"noopener\"><strong>Clique Aqui<\/strong><\/a> para receber em primeira m\u00e3o as principais not\u00edcias do agroneg\u00f3cio\n    <\/div>\n<\/p><\/div>\n<p><script async defer src=\"https:\/\/connect.facebook.net\/en_US\/sdk.js\"><\/script><script>\n  !function(f,b,e,v,n,t,s)\n  {if(f.fbq)return;n=f.fbq=function(){n.callMethod?\n    n.callMethod.apply(n,arguments):n.queue.push(arguments)};\n    if(!f._fbq)f._fbq=n;n.push=n;n.loaded=!0;n.version='2.0';\n    n.queue=[];t=b.createElement(e);t.async=!0;\n    t.src=v;s=b.getElementsByTagName(e)[0];\n    s.parentNode.insertBefore(t,s)}(window, document,'script',\n    'https:\/\/connect.facebook.net\/en_US\/fbevents.js');\n  fbq('init', '153495679422335');\n  fbq('track', 'PageView');\n<\/script><br \/>\n<br \/><br \/>\n<br \/><a href=\"https:\/\/www.noticiasagricolas.com.br\/noticias\/leite\/403250-setor-leiteiro-considera-positiva-medida-que-preve-financiamento-para-transferencia-de-embrioes.html\">Source link <\/a><\/p>\n","protected":false},"excerpt":{"rendered":"<p>An\u00fancio foi feito pelo governo Federal ao divulgar o Plano Safra 2025\/2026 para a agricultura familiar O novo Plano Safra<\/p>\n","protected":false},"author":1,"featured_media":16458,"comment_status":"open","ping_status":"open","sticky":false,"template":"","format":"standard","meta":{"_monsterinsights_skip_tracking":false,"_monsterinsights_sitenote_active":false,"_monsterinsights_sitenote_note":"","_monsterinsights_sitenote_category":0,"_uf_show_specific_survey":0,"_uf_disable_surveys":false,"footnotes":""},"categories":[8,1,14,16],"tags":[],"class_list":["post-16457","post","type-post","status-publish","format-standard","has-post-thumbnail","hentry","category-agro","category-news","category-politica-agro","category-safra"],"_links":{"self":[{"href":"https:\/\/agromt.news\/index.php?rest_route=\/wp\/v2\/posts\/16457"}],"collection":[{"href":"https:\/\/agromt.news\/index.php?rest_route=\/wp\/v2\/posts"}],"about":[{"href":"https:\/\/agromt.news\/index.php?rest_route=\/wp\/v2\/types\/post"}],"author":[{"embeddable":true,"href":"https:\/\/agromt.news\/index.php?rest_route=\/wp\/v2\/users\/1"}],"replies":[{"embeddable":true,"href":"https:\/\/agromt.news\/index.php?rest_route=%2Fwp%2Fv2%2Fcomments&post=16457"}],"version-history":[{"count":0,"href":"https:\/\/agromt.news\/index.php?rest_route=\/wp\/v2\/posts\/16457\/revisions"}],"wp:featuredmedia":[{"embeddable":true,"href":"https:\/\/agromt.news\/index.php?rest_route=\/wp\/v2\/media\/16458"}],"wp:attachment":[{"href":"https:\/\/agromt.news\/index.php?rest_route=%2Fwp%2Fv2%2Fmedia&parent=16457"}],"wp:term":[{"taxonomy":"category","embeddable":true,"href":"https:\/\/agromt.news\/index.php?rest_route=%2Fwp%2Fv2%2Fcategories&post=16457"},{"taxonomy":"post_tag","embeddable":true,"href":"https:\/\/agromt.news\/index.php?rest_route=%2Fwp%2Fv2%2Ftags&post=16457"}],"curies":[{"name":"wp","href":"https:\/\/api.w.org\/{rel}","templated":true}]}}