{"id":16456,"date":"2025-07-09T17:30:20","date_gmt":"2025-07-09T21:30:20","guid":{"rendered":"https:\/\/agromt.news\/?p=16456"},"modified":"2025-07-09T17:30:20","modified_gmt":"2025-07-09T21:30:20","slug":"trump-anuncia-tarifa-de-50-para-produtos-do-brasil","status":"publish","type":"post","link":"https:\/\/agromt.news\/?p=16456","title":{"rendered":"Trump anuncia tarifa de 50% para produtos do Brasil"},"content":{"rendered":"<p> <br \/>\n<br \/><img decoding=\"async\" src=\"https:\/\/agromt.news\/wp-content\/uploads\/2025\/02\/Trump-diz-que-tarifas-para-Mexico-e-Canada-entram-em.jpg\" \/><\/p>\n<div>\n<p>O presidente dos Estados Unidos, Donald Trump, <a href=\"https:\/\/www.canalrural.com.br\/internacional\/trump-anuncia-que-vai-divulgar-tarifas-sobre-o-brasil-em-breve\/\">anunciou <\/a>nesta quarta-feira (9) a imposi\u00e7\u00e3o de uma tarifa de 50% sobre produtos importados do Brasil. A medida entra em vigor no dia 1\u00ba de agosto e representa a mais alta taxa entre as anunciadas recentemente pelo republicano.<\/p>\n<p>A decis\u00e3o foi tornada p\u00fablica em uma carta dirigida ao presidente Luiz In\u00e1cio Lula da Silva (PT), divulgada na rede social de Trump, a Truth Social. No documento, o norte-americano justificou a medida apontando uma \u201crela\u00e7\u00e3o comercial injusta\u201d entre os dois pa\u00edses e criticou duramente a atua\u00e7\u00e3o do Supremo Tribunal Federal (STF) no processo contra o ex-presidente Jair Bolsonaro (PL).<\/p>\n<p>Trump tamb\u00e9m usou o an\u00fancio para defender o ex-presidente Jair Bolsonaro, a quem disse respeitar \u201cprofundamente\u201d, e classificou o julgamento do l\u00edder brasileiro como uma \u201cca\u00e7a \u00e0s bruxas\u201d que, segundo ele, \u201cdeve acabar imediatamente\u201d.<\/p>\n<\/div>\n<div>\n<h2 class=\"wp-block-heading\" id=\"h-justificativa-da-tarifa-de-trump\">Justificativa da tarifa de Trump<\/h2>\n<p>O republicano justificou a nova tarifa como uma rea\u00e7\u00e3o \u00e0 postura do Supremo Tribunal Federal (STF) em temas ligados \u00e0 liberdade de express\u00e3o. Ele acusou a Corte de emitir \u201ccentenas de ordens de censura secretas e ilegais\u201d contra plataformas de m\u00eddia social dos Estados Unidos, alegando que essas empresas foram amea\u00e7adas com multas milion\u00e1rias e at\u00e9 expuls\u00e3o do mercado brasileiro.<\/p>\n<p>Na carta, Trump afirmou ainda que os EUA devem reconsiderar sua rela\u00e7\u00e3o comercial com o Brasil, que, segundo ele, tem sido marcada por barreiras tarif\u00e1rias e n\u00e3o tarif\u00e1rias que desequilibram o com\u00e9rcio bilateral.<\/p>\n<p>A decis\u00e3o gerou forte repercuss\u00e3o nos meios diplom\u00e1tico e econ\u00f4mico. At\u00e9 o momento, o governo brasileiro n\u00e3o se pronunciou oficialmente sobre o an\u00fancio.<\/p>\n<\/p><\/div>\n<p><br \/>\n<br \/><a href=\"https:\/\/www.canalrural.com.br\/nacional\/trump-anuncia-tarifa-de-50-para-produtos-do-brasil\/\">Source link <\/a><\/p>\n","protected":false},"excerpt":{"rendered":"<p>O presidente dos Estados Unidos, Donald Trump, anunciou nesta quarta-feira (9) a imposi\u00e7\u00e3o de uma tarifa de 50% sobre produtos<\/p>\n","protected":false},"author":1,"featured_media":10134,"comment_status":"open","ping_status":"open","sticky":false,"template":"","format":"standard","meta":{"_monsterinsights_skip_tracking":false,"_monsterinsights_sitenote_active":false,"_monsterinsights_sitenote_note":"","_monsterinsights_sitenote_category":0,"_uf_show_specific_survey":0,"_uf_disable_surveys":false,"footnotes":""},"categories":[1],"tags":[],"class_list":["post-16456","post","type-post","status-publish","format-standard","has-post-thumbnail","hentry","category-news"],"_links":{"self":[{"href":"https:\/\/agromt.news\/index.php?rest_route=\/wp\/v2\/posts\/16456"}],"collection":[{"href":"https:\/\/agromt.news\/index.php?rest_route=\/wp\/v2\/posts"}],"about":[{"href":"https:\/\/agromt.news\/index.php?rest_route=\/wp\/v2\/types\/post"}],"author":[{"embeddable":true,"href":"https:\/\/agromt.news\/index.php?rest_route=\/wp\/v2\/users\/1"}],"replies":[{"embeddable":true,"href":"https:\/\/agromt.news\/index.php?rest_route=%2Fwp%2Fv2%2Fcomments&post=16456"}],"version-history":[{"count":0,"href":"https:\/\/agromt.news\/index.php?rest_route=\/wp\/v2\/posts\/16456\/revisions"}],"wp:featuredmedia":[{"embeddable":true,"href":"https:\/\/agromt.news\/index.php?rest_route=\/wp\/v2\/media\/10134"}],"wp:attachment":[{"href":"https:\/\/agromt.news\/index.php?rest_route=%2Fwp%2Fv2%2Fmedia&parent=16456"}],"wp:term":[{"taxonomy":"category","embeddable":true,"href":"https:\/\/agromt.news\/index.php?rest_route=%2Fwp%2Fv2%2Fcategories&post=16456"},{"taxonomy":"post_tag","embeddable":true,"href":"https:\/\/agromt.news\/index.php?rest_route=%2Fwp%2Fv2%2Ftags&post=16456"}],"curies":[{"name":"wp","href":"https:\/\/api.w.org\/{rel}","templated":true}]}}