{"id":16454,"date":"2025-07-09T17:28:09","date_gmt":"2025-07-09T21:28:09","guid":{"rendered":"https:\/\/agromt.news\/?p=16454"},"modified":"2025-07-09T17:28:09","modified_gmt":"2025-07-09T21:28:09","slug":"fortalecimento-da-cadeia-do-tabaco-marca-encontro-da-amprotabaco","status":"publish","type":"post","link":"https:\/\/agromt.news\/?p=16454","title":{"rendered":"Fortalecimento da cadeia do tabaco marca encontro da Amprotabaco"},"content":{"rendered":"<p> <br \/>\n<\/p>\n<div>\n<p style=\"text-align:justify\">A manh\u00e3 desta quarta-feira, 9, foi marcada por uma ampla mobiliza\u00e7\u00e3o em defesa da cadeia produtiva do tabaco, durante audi\u00eancia p\u00fablica promovida no Audit\u00f3rio Freitas Nobre, da C\u00e2mara dos Deputados, em Bras\u00edlia. Organizado pela Associa\u00e7\u00e3o dos Munic\u00edpios Produtores de Tabaco (Amprotabaco), o encontro reuniu lideran\u00e7as pol\u00edticas e representantes do setor para refor\u00e7ar a import\u00e2ncia econ\u00f4mica, social e cultural da produ\u00e7\u00e3o de tabaco, especialmente nos pequenos munic\u00edpios do Sul do Brasil. A iniciativa integra os esfor\u00e7os para que o Brasil adote uma postura equilibrada na 11\u00aa Confer\u00eancia das Partes da Conven\u00e7\u00e3o-Quadro para o Controle do Tabaco (COP-11), que ocorrer\u00e1 em novembro, em Genebra.&#13;\n<\/p>\n<p style=\"text-align:justify\">O presidente da Amprotabaco, Gilson Becker, destaca que o movimento tamb\u00e9m busca a descriminaliza\u00e7\u00e3o da atividade e o reconhecimento do papel estrat\u00e9gico da cultura do tabaco na economia rural. \u201cEstamos falando de uma produ\u00e7\u00e3o que viabiliza a perman\u00eancia das fam\u00edlias no campo. A presen\u00e7a maci\u00e7a de entidades, prefeitos, vereadores e deputados comprova a for\u00e7a da nossa pauta\u201d, afirma Becker, ao citar a representatividade dos tr\u00eas estados do Sul e tamb\u00e9m da Bahia, onde est\u00e1 concentrada a produ\u00e7\u00e3o nacional.<\/p>\n<p style=\"text-align:justify\">Para o secret\u00e1rio estadual da Agricultura do Rio Grande do Sul, Edivilson Brum, o Estado tem papel fundamental na defesa da cadeia. \u201cO governo do Estado estar\u00e1 presente na delega\u00e7\u00e3o brasileira na COP-11. Nosso interesse \u00e9 deixar esta cadeia viva. S\u00e3o mais de 60% dos munic\u00edpios do nosso estado que dependem da agricultura, e boa parte vive do tabaco\u201d, frisa<\/p>\n<p style=\"text-align:justify\">O presidente do Sindicato Interestadual da Ind\u00fastria do Tabaco (SindiTabaco), Valmor Thesing, defende a necessidade de iniciativas mais efetivas. \u201c\u00c9 preciso reagir \u00e0 narrativa anti-tabaco, que hoje tem mais for\u00e7a. Temos 509 munic\u00edpios e precisamos transformar esse potencial em um f\u00f3rum positivo do setor. Reclamar menos e fazer mais\u201d, afirma. A fala foi refor\u00e7ada por Romeu Schneider, presidente da C\u00e2mara Setorial do Tabaco, do Minist\u00e9rio da Agricultura e Pecu\u00e1ria (Mapa), que elogiou a capacidade de articula\u00e7\u00e3o da Amprotabaco e alertou para a perda de voz da cadeia produtiva nas decis\u00f5es internacionais. \u201cA Conven\u00e7\u00e3o-Quadro nunca nos ouviu. \u00c9 preciso lembrar que, mesmo com ela em vigor desde 2005, o n\u00famero de consumidores aumentou\u201d, ressalta Schneider, que \u00e9 tamb\u00e9m vice-presidente da Associa\u00e7\u00e3o dos Fumicultores do Brasil (Afubra).&#13;\n<\/p>\n<p style=\"text-align:justify\">O diretor-executivo da Associa\u00e7\u00e3o Brasileira da Ind\u00fastria do Fumo (Abifumo), Edimilson Alves, apontou os preju\u00edzos fiscais gerados pela falta de di\u00e1logo. \u201cO governo federal perdeu mais de R$ 100 bilh\u00f5es em arrecada\u00e7\u00e3o de impostos nos \u00faltimos 10 anos com o cigarro contrabandeado. Esta uni\u00e3o precisa continuar e ser ampliada para justamente combater esta situa\u00e7\u00e3o), defende.<\/p>\n<p style=\"text-align:justify\"><strong>Atividade relevante<\/strong><\/p>\n<p style=\"text-align:justify\">Durante a audi\u00eancia, o deputado estadual Marcus Vin\u00edcius apresentou a minuta de um Projeto de Lei que reconhece o tabaco como atividade de relevante interesse econ\u00f4mico, social e cultural no \u00e2mbito dos munic\u00edpios. A proposta busca assegurar respaldo legal para que a cultura seja considerada estrat\u00e9gica no planejamento p\u00fablico, garantindo acesso a cr\u00e9dito, assist\u00eancia t\u00e9cnica, pol\u00edticas de valoriza\u00e7\u00e3o e apoio \u00e0s fam\u00edlias produtoras.<\/p>\n<p style=\"text-align:justify\">Al\u00e9m de reconhecer as etapas do cultivo de tabaco como express\u00e3o da identidade cultural local, o projeto prop\u00f5e que os munic\u00edpios incentivem parcerias com cooperativas, sindicatos, associa\u00e7\u00f5es e institui\u00e7\u00f5es de pesquisa. A inten\u00e7\u00e3o \u00e9 promover inova\u00e7\u00e3o, qualifica\u00e7\u00e3o e fortalecimento da cadeia, valorizando o trabalho das fam\u00edlias agricultoras, em especial nas pequenas propriedades que dependem do tabaco para sua subsist\u00eancia e crescimento econ\u00f4mico.&#13;\n<\/p>\n<p style=\"text-align:justify\"><strong>Presen\u00e7as<\/strong><\/p>\n<p style=\"text-align:justify\">A audi\u00eancia contou com a participa\u00e7\u00e3o dos deputados estaduais Marcus Vin\u00edcius e Airton Artus (RS) e Anibelli Neto (PR), al\u00e9m dos deputados federais Alceu Moreira, Heitor Schuch, Rafael Pezenti, S\u00e9rgio Souza, Covatti Filho, Lucas Redecker e Afonso Hamm. Tamb\u00e9m estiveram presentes prefeitos, vereadores, representantes de entidades do setor e lideran\u00e7as rurais.<\/p>\n<p style=\"text-align:justify\">\u00a0<\/p>\n<\/p><\/div>\n<p><script data-cfasync=\"false\">\n    !function (f, b, e, v, n, t, s) {\n        if (f.fbq) return; n = f.fbq = function () {\n            n.callMethod ?\n                n.callMethod.apply(n, arguments) : n.queue.push(arguments)\n        };\n        if (!f._fbq) f._fbq = n; n.push = n; n.loaded = !0; n.version = '2.0';\n        n.queue = []; t = b.createElement(e); t.async = !0;\n        t.src = v; s = b.getElementsByTagName(e)[0];\n        s.parentNode.insertBefore(t, s)\n    }(window, document, 'script',\n        'https:\/\/connect.facebook.net\/en_US\/fbevents.js');\n    fbq('init', '522546078623747');\n    fbq('track', 'PageView');\n<\/script><br \/>\n<br \/><br \/>\n<br \/><a href=\"https:\/\/www.agrolink.com.br\/noticias\/fortalecimento-da-cadeia-do-tabaco-marca-encontro-da-amprotabaco_503744.html\">Source link <\/a><\/p>\n","protected":false},"excerpt":{"rendered":"<p>A manh\u00e3 desta quarta-feira, 9, foi marcada por uma ampla mobiliza\u00e7\u00e3o em defesa da cadeia produtiva do tabaco, durante audi\u00eancia<\/p>\n","protected":false},"author":1,"featured_media":16455,"comment_status":"open","ping_status":"open","sticky":false,"template":"","format":"standard","meta":{"_monsterinsights_skip_tracking":false,"_monsterinsights_sitenote_active":false,"_monsterinsights_sitenote_note":"","_monsterinsights_sitenote_category":0,"_uf_show_specific_survey":0,"_uf_disable_surveys":false,"footnotes":""},"categories":[8,1,14],"tags":[],"class_list":["post-16454","post","type-post","status-publish","format-standard","has-post-thumbnail","hentry","category-agro","category-news","category-politica-agro"],"_links":{"self":[{"href":"https:\/\/agromt.news\/index.php?rest_route=\/wp\/v2\/posts\/16454"}],"collection":[{"href":"https:\/\/agromt.news\/index.php?rest_route=\/wp\/v2\/posts"}],"about":[{"href":"https:\/\/agromt.news\/index.php?rest_route=\/wp\/v2\/types\/post"}],"author":[{"embeddable":true,"href":"https:\/\/agromt.news\/index.php?rest_route=\/wp\/v2\/users\/1"}],"replies":[{"embeddable":true,"href":"https:\/\/agromt.news\/index.php?rest_route=%2Fwp%2Fv2%2Fcomments&post=16454"}],"version-history":[{"count":0,"href":"https:\/\/agromt.news\/index.php?rest_route=\/wp\/v2\/posts\/16454\/revisions"}],"wp:featuredmedia":[{"embeddable":true,"href":"https:\/\/agromt.news\/index.php?rest_route=\/wp\/v2\/media\/16455"}],"wp:attachment":[{"href":"https:\/\/agromt.news\/index.php?rest_route=%2Fwp%2Fv2%2Fmedia&parent=16454"}],"wp:term":[{"taxonomy":"category","embeddable":true,"href":"https:\/\/agromt.news\/index.php?rest_route=%2Fwp%2Fv2%2Fcategories&post=16454"},{"taxonomy":"post_tag","embeddable":true,"href":"https:\/\/agromt.news\/index.php?rest_route=%2Fwp%2Fv2%2Ftags&post=16454"}],"curies":[{"name":"wp","href":"https:\/\/api.w.org\/{rel}","templated":true}]}}