{"id":16448,"date":"2025-07-09T15:31:35","date_gmt":"2025-07-09T19:31:35","guid":{"rendered":"https:\/\/agromt.news\/?p=16448"},"modified":"2025-07-09T15:31:35","modified_gmt":"2025-07-09T19:31:35","slug":"oeste-baiano-amplia-area-plantada-de-soja","status":"publish","type":"post","link":"https:\/\/agromt.news\/?p=16448","title":{"rendered":"Oeste baiano amplia \u00e1rea plantada de soja"},"content":{"rendered":"<p> <br \/>\n<\/p>\n<div>\n<div class=\"row\">\n<div class=\"col-lg col-infos mt-0 mt-lg-0\">\n<div class=\"section-sub-title\">\n<p itemprop=\"description\">&#13;<br \/>\n                                69% da soja da safra atual j\u00e1 foi negociada at\u00e9 o in\u00edcio de julho&#13;\n                            <\/p>\n<\/p><\/div>\n<div class=\"container\">\n<div class=\"row\">\n<div class=\"col-lg p-0\">\n<div>\n<div class=\"block-news-main-infos mt-3 text-start\">\n<p>                                            <strong class=\"fn\" itemprop=\"author\" style=\"color: rgb(112, 112, 112); \">&#13;<br \/>\n                                                <a href=\"https:\/\/www.agrolink.com.br\/noticias\/javascript:;\" class=\"text-uppercase\" target=\"_blank\" style=\"color: rgb(112, 112, 112); \" rel=\"noopener\">Agrolink<\/a>&#13;<br \/>\n&#13;<br \/>\n                                                    &#8211; Aline Merladete&#13;<br \/>\n&#13;<br \/>\n                                            <\/strong><br \/>\n                                        <\/p>\n<p>                                            <abbr><time datetime=\"2025-07-09T15:14\" itemprop=\"datePublished dateModified\">Publicado em 09\/07\/2025 \u00e0s 15:14h.<\/time><\/abbr><br \/>\n                                            <\/p><\/div>\n<\/p><\/div>\n<\/p><\/div>\n<div class=\"col-lg p-0 text-lg-end\">\n<div>\n<div id=\"mdEnviarPagina\" class=\"modal fade\" role=\"dialog\">\n<div class=\"modal-dialog\">\n<div class=\"modal-content\">\n<div class=\"modal-body\">\n<p><strong>Estimado usu\u00e1rio.<\/strong><br \/>Preencha o formul\u00e1rio abaixo para remeter a p\u00e1gina.<\/p>\n<\/p><\/div>\n<\/p><\/div>\n<\/p><\/div>\n<\/div><\/div>\n<\/p><\/div>\n<\/p><\/div>\n<\/p><\/div>\n<\/p><\/div>\n<\/p><\/div>\n<div class=\"row justify-content-md-center mt-3\">\n<div class=\"col-lg-auto col-image block-news-main-image\">\n<p>                                <img decoding=\"async\" src=\"https:\/\/www.agrolink.com.br\/upload\/imagens-resizes\/ba2226d38a39450e88a3ec7996a797e6_858x483.jpg\" class=\"lazyload img-fluid\"\/><br \/>\n                                                <span class=\"publicity-photo d-block mt-1\">Foto: Leonardo Gottems<\/span><\/p><\/div>\n<\/p><\/div>\n<div class=\"section-description section-description-noticias mt-3\">\n<p style=\"text-align:justify\">A produ\u00e7\u00e3o de <a href=\"https:\/\/www.agrolink.com.br\/culturas\/soja?utm_source=agrolink-detalhe-noticia&amp;utm_medium=detalhe-noticia&amp;utm_campaign=links-internos\" target=\"_blank\" rel=\"noopener\">soja<\/a> no Oeste da Bahia mostra sinais claros de expans\u00e3o e efici\u00eancia. Segundo dados do Boletim de Safra da Associa\u00e7\u00e3o de Agricultores e Irrigantes da Bahia (Aiba), a safra 2024\/25 registrou um crescimento de 7,8% na \u00e1rea plantada em rela\u00e7\u00e3o ao ciclo anterior, alcan\u00e7ando 2,135 milh\u00f5es de hectares.&#13;\n<\/p>\n<p style=\"text-align:justify\">Ainda conforme o boletim, a produtividade m\u00e9dia tamb\u00e9m teve avan\u00e7o, subindo de 63 para 68 sacas por hectare, o que representa um incremento de 7,9%. O aumento expressivo da produ\u00e7\u00e3o foi impulsionado n\u00e3o apenas pela amplia\u00e7\u00e3o das \u00e1reas cultivadas, mas tamb\u00e9m pelo manejo adequado e pelas condi\u00e7\u00f5es clim\u00e1ticas favor\u00e1veis em importantes n\u00facleos produtivos como Barreiras, Lu\u00eds Eduardo Magalh\u00e3es e S\u00e3o Desid\u00e9rio.<\/p>\n<p style=\"text-align:justify\">A Aiba destaca que o cumprimento das normas do vazio sanit\u00e1rio da soja na regi\u00e3o foi essencial para evitar focos de ferrugem asi\u00e1tica e garantir a sanidade da lavoura. Enquanto os campos descansam, os produtores j\u00e1 se preparam para o pr\u00f3ximo ciclo com a aquisi\u00e7\u00e3o de corretivos e fertilizantes, cuja comercializa\u00e7\u00e3o para a safra 2025\/26 j\u00e1 est\u00e1 em 60%, segundo o levantamento.&#13;\n<\/p>\n<p style=\"text-align:justify\">No quesito comercializa\u00e7\u00e3o, 69% da soja da safra atual j\u00e1 foi negociada at\u00e9 o in\u00edcio de julho. O pre\u00e7o m\u00e9dio praticado era de R$ 117,05 por saca, refletindo uma estabilidade nos valores e garantindo rentabilidade ao produtor. Em rela\u00e7\u00e3o \u00e0 safra seguinte (2025\/26), 19% da produ\u00e7\u00e3o j\u00e1 foi travada, demonstrando confian\u00e7a no mercado futuro.<\/p>\n<p style=\"text-align:justify\">Entre os destaques regionais est\u00e1 a Regi\u00e3o 03, que apresentou o maior crescimento proporcional de \u00e1rea plantada, saltando de 420 mil para 525 mil hectares \u2014 um aumento de 24%. J\u00e1 a Regi\u00e3o 05, com menor representatividade, teve crescimento de 46% na \u00e1rea, embora mantenha uma produtividade m\u00e9dia de 68 sacas por hectare.&#13;\n<\/p>\n<p style=\"text-align:justify\">\u00a0<\/p>\n<\/p><\/div>\n<\/p><\/div>\n<p><script data-cfasync=\"false\">\n    !function (f, b, e, v, n, t, s) {\n        if (f.fbq) return; n = f.fbq = function () {\n            n.callMethod ?\n                n.callMethod.apply(n, arguments) : n.queue.push(arguments)\n        };\n        if (!f._fbq) f._fbq = n; n.push = n; n.loaded = !0; n.version = '2.0';\n        n.queue = []; t = b.createElement(e); t.async = !0;\n        t.src = v; s = b.getElementsByTagName(e)[0];\n        s.parentNode.insertBefore(t, s)\n    }(window, document, 'script',\n        'https:\/\/connect.facebook.net\/en_US\/fbevents.js');\n    fbq('init', '522546078623747');\n    fbq('track', 'PageView');\n<\/script><br \/>\n<br \/><br \/>\n<br \/><a href=\"https:\/\/www.agrolink.com.br\/noticias\/oeste-baiano-amplia-area-plantada-de-soja_503745.html\">Source link <\/a><\/p>\n","protected":false},"excerpt":{"rendered":"<p>&#13; 69% da soja da safra atual j\u00e1 foi negociada at\u00e9 o in\u00edcio de julho&#13; &#13; Agrolink&#13; &#13; &#8211; Aline<\/p>\n","protected":false},"author":1,"featured_media":7300,"comment_status":"open","ping_status":"open","sticky":false,"template":"","format":"standard","meta":{"_monsterinsights_skip_tracking":false,"_monsterinsights_sitenote_active":false,"_monsterinsights_sitenote_note":"","_monsterinsights_sitenote_category":0,"_uf_show_specific_survey":0,"_uf_disable_surveys":false,"footnotes":""},"categories":[8,1,14],"tags":[],"class_list":["post-16448","post","type-post","status-publish","format-standard","has-post-thumbnail","hentry","category-agro","category-news","category-politica-agro"],"_links":{"self":[{"href":"https:\/\/agromt.news\/index.php?rest_route=\/wp\/v2\/posts\/16448"}],"collection":[{"href":"https:\/\/agromt.news\/index.php?rest_route=\/wp\/v2\/posts"}],"about":[{"href":"https:\/\/agromt.news\/index.php?rest_route=\/wp\/v2\/types\/post"}],"author":[{"embeddable":true,"href":"https:\/\/agromt.news\/index.php?rest_route=\/wp\/v2\/users\/1"}],"replies":[{"embeddable":true,"href":"https:\/\/agromt.news\/index.php?rest_route=%2Fwp%2Fv2%2Fcomments&post=16448"}],"version-history":[{"count":0,"href":"https:\/\/agromt.news\/index.php?rest_route=\/wp\/v2\/posts\/16448\/revisions"}],"wp:featuredmedia":[{"embeddable":true,"href":"https:\/\/agromt.news\/index.php?rest_route=\/wp\/v2\/media\/7300"}],"wp:attachment":[{"href":"https:\/\/agromt.news\/index.php?rest_route=%2Fwp%2Fv2%2Fmedia&parent=16448"}],"wp:term":[{"taxonomy":"category","embeddable":true,"href":"https:\/\/agromt.news\/index.php?rest_route=%2Fwp%2Fv2%2Fcategories&post=16448"},{"taxonomy":"post_tag","embeddable":true,"href":"https:\/\/agromt.news\/index.php?rest_route=%2Fwp%2Fv2%2Ftags&post=16448"}],"curies":[{"name":"wp","href":"https:\/\/api.w.org\/{rel}","templated":true}]}}