{"id":16442,"date":"2025-07-09T14:26:41","date_gmt":"2025-07-09T18:26:41","guid":{"rendered":"https:\/\/agromt.news\/?p=16442"},"modified":"2025-07-09T14:26:41","modified_gmt":"2025-07-09T18:26:41","slug":"adab-e-pm-apreendem-15-t-de-carne-clandestina-na-bahia","status":"publish","type":"post","link":"https:\/\/agromt.news\/?p=16442","title":{"rendered":"Adab e PM apreendem 1,5 t de carne clandestina na Bahia"},"content":{"rendered":"<p> <br \/>\n<\/p>\n<div>\n<p>A <strong>Ag\u00eancia Estadual de Defesa Agropecu\u00e1ria da Bahia (Adab)<\/strong>, com apoio da Pol\u00edcia Militar, apreendeu <strong>1,5 tonelada de carnes<\/strong> e <strong>mi\u00fados bovinos<\/strong> provenientes de abate clandestino, durante opera\u00e7\u00e3o deflagrada na \u00faltima semana em diversos munic\u00edpios do sul do estado.<\/p>\n<p>A a\u00e7\u00e3o de combate a pr\u00e1ticas ilegais, que colocam em risco a sa\u00fade p\u00fablica e o meio ambiente, foi realizada ap\u00f3s den\u00fancias an\u00f4nimas que indicavam a realiza\u00e7\u00e3o de abates irregulares em propriedades n\u00e3o autorizadas.<\/p>\n<p>Na a\u00e7\u00e3o, os agentes percorreram localidades nos munic\u00edpios de Aurelino Leal, Itapitanga, Canavieiras e Una, onde identificaram pontos de abate clandestino e armazenamentos inadequados de produtos de origem animal.<\/p>\n<p>Segundo a m\u00e9dica veterin\u00e1ria da Adab, Lorena Silva, que participou das inspe\u00e7\u00f5es, foram encontrados cerca de 1.500 quilos de carnes e v\u00edsceras de bovinos em condi\u00e7\u00f5es impr\u00f3prias para o consumo humano. <\/p>\n<p>\u201cOs produtos estavam sendo manipulados e armazenados sem qualquer controle sanit\u00e1rio, em ambientes insalubres e sem refrigera\u00e7\u00e3o adequada, o que representa grave amea\u00e7a \u00e0 sa\u00fade da popula\u00e7\u00e3o\u201d, informa.<\/p>\n<p>Al\u00e9m das irregularidades sanit\u00e1rias, a equipe de fiscaliza\u00e7\u00e3o flagrou o descarte inadequado de res\u00edduos provenientes dos abates \u00e0s margens de um curso d\u2019\u00e1gua. <\/p>\n<figure class=\"wp-block-image size-full\"><img fetchpriority=\"high\" decoding=\"async\" width=\"960\" height=\"855\" alt=\"aprees\u00e3o de carne clandestina; adab\" class=\"wp-image-4109558\"  data-lazy- src=\"https:\/\/agromt.news\/wp-content\/uploads\/2025\/07\/Adab-e-PM-apreendem-15-t-de-carne-clandestina-na.jpeg\"\/><img decoding=\"async\" width=\"960\" height=\"855\" src=\"https:\/\/agromt.news\/wp-content\/uploads\/2025\/07\/Adab-e-PM-apreendem-15-t-de-carne-clandestina-na.jpeg\" alt=\"aprees\u00e3o de carne clandestina; adab\" class=\"wp-image-4109558\"  \/><figcaption class=\"wp-element-caption\">Foto: Divulga\u00e7\u00e3o\/Adab<\/figcaption><\/figure>\n<p>Vale ressaltar que a pr\u00e1tica configura crime ambiental, e o respons\u00e1vel foi detido em flagrante pelas autoridades, sendo conduzido \u00e0 delegacia para os devidos procedimentos legais.<\/p>\n<\/div>\n<div>\n<p>Contudo, segundo o \u00f3rg\u00e3o, opera\u00e7\u00f5es como essa s\u00e3o fundamentais para coibir atividades il\u00edcitas que comprometem a seguran\u00e7a alimentar e o equil\u00edbrio ambiental. <\/p>\n<h2 class=\"wp-block-heading\" id=\"h-denuncia\">Den\u00fancia<\/h2>\n<p>A ag\u00eancia refor\u00e7a a import\u00e2ncia da den\u00fancia por parte da popula\u00e7\u00e3o e alerta sobre os riscos do consumo de carnes adquiridas em estabelecimentos irregulares e sem o selo de inspe\u00e7\u00e3o municipal, estadual ou federal.<\/p>\n<p>Al\u00e9m disso, a carne apreendida foi destru\u00edda nas graxarias de dois matadouros do Servi\u00e7o de Inspe\u00e7\u00e3o Estadual (SIE), conforme os protocolos sanit\u00e1rios vigentes. <\/p>\n<p>Por fim, a Adab tamb\u00e9m informou que segue intensificando as a\u00e7\u00f5es de fiscaliza\u00e7\u00e3o em toda a regi\u00e3o, com o objetivo de garantir alimentos seguros e preservar a sa\u00fade p\u00fablica.<\/p>\n<figure class=\"wp-block-embed is-type-rich is-provider-instagram wp-block-embed-instagram\">\n<p><iframe title=\"Instagram frame\" loading=\"lazy\" height=\"628\" class=\"instagram-embed-iframe\" src=\"https:\/\/www.canalrural.com.br\/nacional\/bahia\/adab-e-pm-apreendem-15-t-de-carne-clandestina-na-bahia\/about:blank\" allowtransparency=\"true\" frameborder=\"0\" scrolling=\"no\" onload=\"(function(o){window.instagramIframe = window.instagramIframe || []; window.instagramIframe.push(o);})(this)\" style=\"border: 0px; margin: 0 auto; max-width: 658px; width: calc(100% - 2px); border-radius: 4px; box-shadow: rgba(0, 0, 0, 0.498039) 0px 0px 1px 0px, rgba(0, 0, 0, 0.14902) 0px 1px 10px 0px; display: block; padding: 0px; background: rgb(255, 255, 255);\" data-rocket-lazyload=\"fitvidscompatible\" data-lazy-src=\"https:\/\/www.instagram.com\/p\/DL5FVqjRI8C\/embed\/\"><\/iframe><noscript><iframe title=\"Instagram frame\" loading=\"lazy\" height=\"628\" class=\"instagram-embed-iframe\" src=\"https:\/\/www.instagram.com\/p\/DL5FVqjRI8C\/embed\/\" allowtransparency=\"true\" frameborder=\"0\" scrolling=\"no\" onload=\"(function(o){window.instagramIframe = window.instagramIframe || []; window.instagramIframe.push(o);})(this)\" style=\"border: 0px; margin: 0 auto; max-width: 658px; width: calc(100% - 2px); border-radius: 4px; box-shadow: rgba(0, 0, 0, 0.498039) 0px 0px 1px 0px, rgba(0, 0, 0, 0.14902) 0px 1px 10px 0px; display: block; padding: 0px; background: rgb(255, 255, 255);\"><\/iframe><\/noscript><\/p>\n<\/figure>\n<hr class=\"wp-block-separator has-alpha-channel-opacity\"\/>\n<p><em>Voc\u00ea tamb\u00e9m pode participar deixando uma sugest\u00e3o de pauta. Siga o\u00a0<a href=\"https:\/\/www.instagram.com\/canalruralbahia\/\">Canal Rural Bahia no Instagram<\/a>\u00a0e nos envie uma mensagem<\/em>.<\/p>\n<\/p><\/div>\n<p><script async src=\"\/\/www.instagram.com\/embed.js\"><\/script><br \/>\n<br \/><br \/>\n<br \/><a href=\"https:\/\/www.canalrural.com.br\/nacional\/bahia\/adab-e-pm-apreendem-15-t-de-carne-clandestina-na-bahia\/\">Source link <\/a><\/p>\n","protected":false},"excerpt":{"rendered":"<p>A Ag\u00eancia Estadual de Defesa Agropecu\u00e1ria da Bahia (Adab), com apoio da Pol\u00edcia Militar, apreendeu 1,5 tonelada de carnes e<\/p>\n","protected":false},"author":1,"featured_media":16443,"comment_status":"open","ping_status":"open","sticky":false,"template":"","format":"standard","meta":{"_monsterinsights_skip_tracking":false,"_monsterinsights_sitenote_active":false,"_monsterinsights_sitenote_note":"","_monsterinsights_sitenote_category":0,"_uf_show_specific_survey":0,"_uf_disable_surveys":false,"footnotes":""},"categories":[1],"tags":[],"class_list":["post-16442","post","type-post","status-publish","format-standard","has-post-thumbnail","hentry","category-news"],"_links":{"self":[{"href":"https:\/\/agromt.news\/index.php?rest_route=\/wp\/v2\/posts\/16442"}],"collection":[{"href":"https:\/\/agromt.news\/index.php?rest_route=\/wp\/v2\/posts"}],"about":[{"href":"https:\/\/agromt.news\/index.php?rest_route=\/wp\/v2\/types\/post"}],"author":[{"embeddable":true,"href":"https:\/\/agromt.news\/index.php?rest_route=\/wp\/v2\/users\/1"}],"replies":[{"embeddable":true,"href":"https:\/\/agromt.news\/index.php?rest_route=%2Fwp%2Fv2%2Fcomments&post=16442"}],"version-history":[{"count":0,"href":"https:\/\/agromt.news\/index.php?rest_route=\/wp\/v2\/posts\/16442\/revisions"}],"wp:featuredmedia":[{"embeddable":true,"href":"https:\/\/agromt.news\/index.php?rest_route=\/wp\/v2\/media\/16443"}],"wp:attachment":[{"href":"https:\/\/agromt.news\/index.php?rest_route=%2Fwp%2Fv2%2Fmedia&parent=16442"}],"wp:term":[{"taxonomy":"category","embeddable":true,"href":"https:\/\/agromt.news\/index.php?rest_route=%2Fwp%2Fv2%2Fcategories&post=16442"},{"taxonomy":"post_tag","embeddable":true,"href":"https:\/\/agromt.news\/index.php?rest_route=%2Fwp%2Fv2%2Ftags&post=16442"}],"curies":[{"name":"wp","href":"https:\/\/api.w.org\/{rel}","templated":true}]}}