{"id":16431,"date":"2025-07-09T11:17:36","date_gmt":"2025-07-09T15:17:36","guid":{"rendered":"https:\/\/agromt.news\/?p=16431"},"modified":"2025-07-09T11:17:36","modified_gmt":"2025-07-09T15:17:36","slug":"feriado-com-instabilidade-e-chuva-no-norte-do-pais-confira-a-previsao-para-esta-quarta-feira","status":"publish","type":"post","link":"https:\/\/agromt.news\/?p=16431","title":{"rendered":"Feriado com instabilidade e chuva no Norte do pa\u00eds; confira a previs\u00e3o para esta quarta-feira"},"content":{"rendered":"<p> <br \/>\n<br \/><img decoding=\"async\" src=\"https:\/\/agromt.news\/wp-content\/uploads\/2025\/07\/rain-2179933_1280.jpg\" \/><\/p>\n<div>\n<p>A quarta-feira (9) ser\u00e1 marcada pela continuidade da <a href=\"https:\/\/www.canalrural.com.br\/?s=chuva\">chuva <\/a>em \u00e1reas do Norte e da faixa leste do Nordeste. Os maiores volumes s\u00e3o esperados no norte de Roraima, Amap\u00e1 e tamb\u00e9m no norte do Amazonas, com pancadas que podem ocorrer a qualquer momento do dia. Saiba tudo sobre a previs\u00e3o do tempo:<\/p>\n<div data-icp-cta=\"1\" id=\"icp-cta-unique\">Voc\u00ea quer entender como usar o clima a seu favor?<b> <\/b><a href=\"https:\/\/climacampo.canalrural.com.br\/climacampo_-01\">Preparamos um e-book exclusivo<\/a> para ajudar produtores rurais a se antecipar \u00e0s mudan\u00e7as do tempo e planejar melhor suas a\u00e7\u00f5es. Com base em previs\u00f5es meteorol\u00f3gicas confi\u00e1veis, ele oferece orienta\u00e7\u00f5es pr\u00e1ticas para proteger sua lavoura e otimizar seus resultados.<\/div>\n<figure class=\"wp-block-embed is-type-video is-provider-youtube wp-block-embed-youtube wp-embed-aspect-16-9 wp-has-aspect-ratio\">\n<p>\n<iframe title=\"Instabilidade mant\u00e9m chuva no Norte do pa\u00eds | Previs\u00e3o do tempo | 24h\" width=\"800\" height=\"450\" src=\"https:\/\/www.youtube.com\/embed\/TWghKWVvwko?feature=oembed\" frameborder=\"0\" allow=\"accelerometer; autoplay; clipboard-write; encrypted-media; gyroscope; picture-in-picture; web-share\" referrerpolicy=\"strict-origin-when-cross-origin\" allowfullscreen><\/iframe>\n<\/p>\n<\/figure>\n<h2 class=\"wp-block-heading\" id=\"h-o-tempo-no-brasil\">O tempo no Brasil<\/h2>\n<p>Por outro lado, o tempo firme predomina em praticamente o restante do pa\u00eds. As regi\u00f5es em que o sol aparece com mais for\u00e7a s\u00e3o aquelas em tons de amarelo e laranja nos mapas meteorol\u00f3gicos, o que inclui grande parte do Centro-Oeste, Sudeste e interior do Nordeste. Nessas \u00e1reas, a temperatura deve subir bastante ao longo da tarde. <\/p>\n<p>Em cidades como Cuiab\u00e1, os term\u00f4metros devem chegar aos 31\u202f\u00b0C. Em Palmas, a m\u00e1xima pode alcan\u00e7ar os 33\u202f\u00b0C. J\u00e1 em Dourados e no sul de Mato Grosso do Sul, a previs\u00e3o indica cerca de 25\u202f\u00b0C, com uma eleva\u00e7\u00e3o discreta nas temperaturas em rela\u00e7\u00e3o aos \u00faltimos dias.<\/p>\n<\/div>\n<div>\n<p>No Sul do Brasil e no sul do estado de S\u00e3o Paulo, o tempo tamb\u00e9m segue est\u00e1vel, mas as m\u00e1ximas ainda s\u00e3o mais amenas. Apesar de uma leve eleva\u00e7\u00e3o, o calor ainda n\u00e3o se instala nessas regi\u00f5es, que continuam sob influ\u00eancia de massas de ar mais frio.<\/p>\n<h2 class=\"wp-block-heading\" id=\"h-durante-a-semana\">Durante a semana<\/h2>\n<p>Ao longo da semana, o padr\u00e3o de distribui\u00e7\u00e3o da chuva deve continuar semelhante, com instabilidades concentradas principalmente no Norte e na faixa leste nordestina. As demais regi\u00f5es seguem com tempo seco, o que favorece o andamento da colheita do milho segunda safra e tamb\u00e9m do algod\u00e3o. <\/p>\n<p>A previs\u00e3o ainda alerta para a queda acentuada da umidade relativa do ar em diversas \u00e1reas do interior do pa\u00eds, exigindo aten\u00e7\u00e3o com a sa\u00fade e o bem-estar de pessoas e animais, al\u00e9m de cuidados especiais com a produtividade na pecu\u00e1ria, especialmente em rela\u00e7\u00e3o ao ganho de peso dos animais.<\/p>\n<\/p><\/div>\n<p><br \/>\n<br \/><a href=\"https:\/\/www.canalrural.com.br\/tempo\/feriado-com-instabilidade-e-chuva-no-norte-do-pais-confira-a-previsao-para-esta-quarta-feira\/\">Source link <\/a><\/p>\n","protected":false},"excerpt":{"rendered":"<p>A quarta-feira (9) ser\u00e1 marcada pela continuidade da chuva em \u00e1reas do Norte e da faixa leste do Nordeste. Os<\/p>\n","protected":false},"author":1,"featured_media":16327,"comment_status":"open","ping_status":"open","sticky":false,"template":"","format":"standard","meta":{"_monsterinsights_skip_tracking":false,"_monsterinsights_sitenote_active":false,"_monsterinsights_sitenote_note":"","_monsterinsights_sitenote_category":0,"_uf_show_specific_survey":0,"_uf_disable_surveys":false,"footnotes":""},"categories":[1],"tags":[],"class_list":["post-16431","post","type-post","status-publish","format-standard","has-post-thumbnail","hentry","category-news"],"_links":{"self":[{"href":"https:\/\/agromt.news\/index.php?rest_route=\/wp\/v2\/posts\/16431"}],"collection":[{"href":"https:\/\/agromt.news\/index.php?rest_route=\/wp\/v2\/posts"}],"about":[{"href":"https:\/\/agromt.news\/index.php?rest_route=\/wp\/v2\/types\/post"}],"author":[{"embeddable":true,"href":"https:\/\/agromt.news\/index.php?rest_route=\/wp\/v2\/users\/1"}],"replies":[{"embeddable":true,"href":"https:\/\/agromt.news\/index.php?rest_route=%2Fwp%2Fv2%2Fcomments&post=16431"}],"version-history":[{"count":0,"href":"https:\/\/agromt.news\/index.php?rest_route=\/wp\/v2\/posts\/16431\/revisions"}],"wp:featuredmedia":[{"embeddable":true,"href":"https:\/\/agromt.news\/index.php?rest_route=\/wp\/v2\/media\/16327"}],"wp:attachment":[{"href":"https:\/\/agromt.news\/index.php?rest_route=%2Fwp%2Fv2%2Fmedia&parent=16431"}],"wp:term":[{"taxonomy":"category","embeddable":true,"href":"https:\/\/agromt.news\/index.php?rest_route=%2Fwp%2Fv2%2Fcategories&post=16431"},{"taxonomy":"post_tag","embeddable":true,"href":"https:\/\/agromt.news\/index.php?rest_route=%2Fwp%2Fv2%2Ftags&post=16431"}],"curies":[{"name":"wp","href":"https:\/\/api.w.org\/{rel}","templated":true}]}}