{"id":16429,"date":"2025-07-09T11:00:52","date_gmt":"2025-07-09T15:00:52","guid":{"rendered":"https:\/\/agromt.news\/?p=16429"},"modified":"2025-07-09T11:00:52","modified_gmt":"2025-07-09T15:00:52","slug":"casos-de-raiva-em-morcegos-acendem-alerta-no-df","status":"publish","type":"post","link":"https:\/\/agromt.news\/?p=16429","title":{"rendered":"Casos de raiva em morcegos &#8216;acendem&#8217; alerta no DF"},"content":{"rendered":"<p> <br \/>\n<br \/><img decoding=\"async\" src=\"https:\/\/agromt.news\/wp-content\/uploads\/2025\/07\/Casos-de-raiva-em-morcegos-acendem-alerta-no-DF.jpg\" \/><\/p>\n<div>\n<p>Dois morcegos encontrados no Distrito Federal <a href=\"https:\/\/www.canalrural.com.br\/?s=raiva\">testaram positivo <\/a>para a raiva, segundo informa\u00e7\u00f5es divulgadas pela Secretaria de Sa\u00fade. Os animais foram recolhidos nas regi\u00f5es de Planaltina e Sobradinho, nos dias 2 e 5 de julho. Ambos pertencem \u00e0 esp\u00e9cie Artibeus lituratus, conhecida como morcego-da-cara-branca, que se alimenta de frutas.<\/p>\n<p>De acordo com a<a href=\"https:\/\/agenciabrasil.ebc.com.br\/\"> Ag\u00eancia Brasil<\/a>, n\u00e3o houve registro de exposi\u00e7\u00e3o humana. Os morcegos tiveram contato apenas com c\u00e3es, mas as autoridades seguem em estado de alerta. A raiva \u00e9 uma doen\u00e7a extremamente letal, com quase 100% de taxa de mortalidade. Por isso, o governo do Distrito Federal vai refor\u00e7ar a\u00e7\u00f5es de vigil\u00e2ncia, preven\u00e7\u00e3o e controle. Entre as medidas est\u00e1 a instala\u00e7\u00e3o de armadilhas para captura e monitoramento de morcegos nas \u00e1reas afetadas.<\/p>\n<h2 class=\"wp-block-heading\" id=\"h-populacao-tambem-em-alerta\">Popula\u00e7\u00e3o tamb\u00e9m em alerta<\/h2>\n<p>A popula\u00e7\u00e3o tamb\u00e9m deve redobrar os cuidados. A recomenda\u00e7\u00e3o \u00e9 que qualquer contato com morcegos, vivos ou mortos, seja comunicado imediatamente \u00e0 equipe de zoonoses, pelos telefones (61) 3449-4432 ou 3449-4434, ou ainda pelo Disque Sa\u00fade no n\u00famero 160. N\u00e3o se deve, em hip\u00f3tese alguma, tocar ou tentar recolher os animais.<\/p>\n<p>Entre as principais orienta\u00e7\u00f5es da Secretaria de Sa\u00fade est\u00e3o as seguintes:<\/p>\n<\/div>\n<div>\n<ul class=\"wp-block-list\">\n<li>Manter a vacina\u00e7\u00e3o anual de c\u00e3es e gatos em dia, participando das campanhas promovidas pela secretaria;<\/li>\n<li>Evitar alimentar, tocar ou abrigar animais silvestres, j\u00e1 que n\u00e3o \u00e9 poss\u00edvel saber se est\u00e3o saud\u00e1veis ou infectados;<\/li>\n<li>Em caso de mordida ou arranh\u00e3o causado por morcegos, animais silvestres ou desconhecidos, lavar o ferimento com \u00e1gua e sab\u00e3o imediatamente e procurar a unidade de sa\u00fade mais pr\u00f3xima.<\/li>\n<\/ul>\n<p>A Secretaria de Agricultura, Abastecimento e Desenvolvimento Rural tamb\u00e9m realiza o acompanhamento da vacina\u00e7\u00e3o de rebanhos, especialmente em \u00e1reas rurais.<\/p>\n<h2 class=\"wp-block-heading\" id=\"h-a-doenca\">A doen\u00e7a<\/h2>\n<p>A raiva \u00e9 causada por um v\u00edrus do g\u00eanero Lyssavirus que afeta o sistema nervoso central de mam\u00edferos, inclusive seres humanos. A infec\u00e7\u00e3o ocorre por meio do contato com saliva contaminada, geralmente por mordidas, arranh\u00f5es ou lambidas de animais doentes.<\/p>\n<p>Quando o v\u00edrus atinge o sistema nervoso, ele se multiplica de forma r\u00e1pida e causa uma encefalite grave e fatal. N\u00e3o h\u00e1 tratamento eficaz comprovado. Existem apenas alguns casos rar\u00edssimos de cura em todo o mundo, todos com sequelas neurol\u00f3gicas permanentes.<\/p>\n<\/p><\/div>\n<p><br \/>\n<br \/><a href=\"https:\/\/www.canalrural.com.br\/nacional\/casos-de-raiva-em-morcegos-acendem-alerta-no-df\/\">Source link <\/a><\/p>\n","protected":false},"excerpt":{"rendered":"<p>Dois morcegos encontrados no Distrito Federal testaram positivo para a raiva, segundo informa\u00e7\u00f5es divulgadas pela Secretaria de Sa\u00fade. Os animais<\/p>\n","protected":false},"author":1,"featured_media":16430,"comment_status":"open","ping_status":"open","sticky":false,"template":"","format":"standard","meta":{"_monsterinsights_skip_tracking":false,"_monsterinsights_sitenote_active":false,"_monsterinsights_sitenote_note":"","_monsterinsights_sitenote_category":0,"_uf_show_specific_survey":0,"_uf_disable_surveys":false,"footnotes":""},"categories":[1],"tags":[],"class_list":["post-16429","post","type-post","status-publish","format-standard","has-post-thumbnail","hentry","category-news"],"_links":{"self":[{"href":"https:\/\/agromt.news\/index.php?rest_route=\/wp\/v2\/posts\/16429"}],"collection":[{"href":"https:\/\/agromt.news\/index.php?rest_route=\/wp\/v2\/posts"}],"about":[{"href":"https:\/\/agromt.news\/index.php?rest_route=\/wp\/v2\/types\/post"}],"author":[{"embeddable":true,"href":"https:\/\/agromt.news\/index.php?rest_route=\/wp\/v2\/users\/1"}],"replies":[{"embeddable":true,"href":"https:\/\/agromt.news\/index.php?rest_route=%2Fwp%2Fv2%2Fcomments&post=16429"}],"version-history":[{"count":0,"href":"https:\/\/agromt.news\/index.php?rest_route=\/wp\/v2\/posts\/16429\/revisions"}],"wp:featuredmedia":[{"embeddable":true,"href":"https:\/\/agromt.news\/index.php?rest_route=\/wp\/v2\/media\/16430"}],"wp:attachment":[{"href":"https:\/\/agromt.news\/index.php?rest_route=%2Fwp%2Fv2%2Fmedia&parent=16429"}],"wp:term":[{"taxonomy":"category","embeddable":true,"href":"https:\/\/agromt.news\/index.php?rest_route=%2Fwp%2Fv2%2Fcategories&post=16429"},{"taxonomy":"post_tag","embeddable":true,"href":"https:\/\/agromt.news\/index.php?rest_route=%2Fwp%2Fv2%2Ftags&post=16429"}],"curies":[{"name":"wp","href":"https:\/\/api.w.org\/{rel}","templated":true}]}}