{"id":16424,"date":"2025-07-09T09:42:51","date_gmt":"2025-07-09T13:42:51","guid":{"rendered":"https:\/\/agromt.news\/?p=16424"},"modified":"2025-07-09T09:42:51","modified_gmt":"2025-07-09T13:42:51","slug":"silvicultura-gaucha-mantem-ritmo-com-foco-no-eucalipto","status":"publish","type":"post","link":"https:\/\/agromt.news\/?p=16424","title":{"rendered":"Silvicultura ga\u00facha mant\u00e9m ritmo com foco no eucalipto"},"content":{"rendered":"<p> <br \/>\n<\/p>\n<div>\n<p style=\"text-align:justify\">A atividade florestal no Rio Grande do Sul segue impulsionada pela produ\u00e7\u00e3o de eucalipto, mesmo diante de entraves causados pelas condi\u00e7\u00f5es clim\u00e1ticas. De acordo com o Informativo Conjuntural divulgado pela Emater\/RS-Ascar na \u00faltima quinta-feira (3), a silvicultura continua sendo um setor relevante em v\u00e1rias regi\u00f5es do estado, com destaque para o uso de cultivares clonais e crescente interesse no reflorestamento.&#13;\n<\/p>\n<p style=\"text-align:justify\">Na regi\u00e3o administrativa de Frederico Westphalen, produtores realizaram tratos culturais como plantio de mudas, aduba\u00e7\u00e3o e controle de formigas cortadeiras. Em \u00e1reas mais jovens, com at\u00e9 tr\u00eas anos de idade, a principal pr\u00e1tica \u00e9 a poda de forma\u00e7\u00e3o, enquanto os povoamentos com seis a sete anos passam por desbaste para melhorar a qualidade da madeira. \u201cEssas pr\u00e1ticas s\u00e3o fundamentais para garantir o aproveitamento comercial do cultivo\u201d, aponta o boletim.<\/p>\n<p style=\"text-align:justify\">Em Lajeado, o cultivo de eucalipto se consolida como a principal atividade agropecu\u00e1ria em munic\u00edpios como Taquari e Taba\u00ed. A produtividade varia entre 350 e 450 m\u00b3\/ha, em ciclos de seis anos. Entretanto, o excesso de chuvas comprometeu o preparo do solo e pode atrasar os plantios previstos para a primavera. \u201cMesmo com viveiros protegidos, o desenvolvimento das mudas tem sido limitado\u201d, informa a publica\u00e7\u00e3o.&#13;\n<\/p>\n<p style=\"text-align:justify\">Apesar das dificuldades log\u00edsticas, como o escoamento da produ\u00e7\u00e3o em estradas danificadas, a colheita e a comercializa\u00e7\u00e3o seguem ativas. O boletim tamb\u00e9m destaca o aumento da procura por reflorestamento, inclusive por produtores de gr\u00e3os afetados por perdas clim\u00e1ticas. A produ\u00e7\u00e3o de carv\u00e3o vegetal, voltada principalmente \u00e0 Regi\u00e3o Metropolitana e aos vales do Taquari, Ca\u00ed e Rio Pardo, permanece est\u00e1vel. Um exemplo da diversifica\u00e7\u00e3o do setor \u00e9 a f\u00e1brica de cavacos em Paverama, que amplia a demanda regional por madeira.<\/p>\n<p style=\"text-align:justify\">Em Passo Fundo, a silvicultura \u00e9 limitada e baseada em bosques antigos, com colheita em fase final. \u201cA baixa renova\u00e7\u00e3o de \u00e1reas florestais pode provocar escassez de mat\u00e9ria-prima nos pr\u00f3ximos anos\u201d, adverte o informe. A regi\u00e3o j\u00e1 importa madeira para suprir sua demanda energ\u00e9tica. Os pre\u00e7os m\u00e9dios apontados s\u00e3o de R$ 300,00 por metro c\u00fabico para madeira em p\u00e9 voltada \u00e0 serraria e R$ 120,00\/m\u00b3 est\u00e9reo para lenha entregue na ind\u00fastria.&#13;\n<\/p>\n<p style=\"text-align:justify\">Quanto ao Pinus spp., os pre\u00e7os variam conforme o di\u00e2metro das toras. J\u00e1 o cultivo de ac\u00e1cia-negra segue em queda na regi\u00e3o de Lajeado, com produtores optando por substitu\u00ed-la pelo eucalipto, em raz\u00e3o da maior rentabilidade e da demanda crescente.<br \/>&#13;<br \/>\n\u00a0<\/p>\n<\/p><\/div>\n<p><script data-cfasync=\"false\">\n    !function (f, b, e, v, n, t, s) {\n        if (f.fbq) return; n = f.fbq = function () {\n            n.callMethod ?\n                n.callMethod.apply(n, arguments) : n.queue.push(arguments)\n        };\n        if (!f._fbq) f._fbq = n; n.push = n; n.loaded = !0; n.version = '2.0';\n        n.queue = []; t = b.createElement(e); t.async = !0;\n        t.src = v; s = b.getElementsByTagName(e)[0];\n        s.parentNode.insertBefore(t, s)\n    }(window, document, 'script',\n        'https:\/\/connect.facebook.net\/en_US\/fbevents.js');\n    fbq('init', '522546078623747');\n    fbq('track', 'PageView');\n<\/script><br \/>\n<br \/><br \/>\n<br \/><a href=\"https:\/\/www.agrolink.com.br\/noticias\/silvicultura-gaucha-mantem-ritmo-com-foco-no-eucalipto_503665.html\">Source link <\/a><\/p>\n","protected":false},"excerpt":{"rendered":"<p>A atividade florestal no Rio Grande do Sul segue impulsionada pela produ\u00e7\u00e3o de eucalipto, mesmo diante de entraves causados pelas<\/p>\n","protected":false},"author":1,"featured_media":12273,"comment_status":"open","ping_status":"open","sticky":false,"template":"","format":"standard","meta":{"_monsterinsights_skip_tracking":false,"_monsterinsights_sitenote_active":false,"_monsterinsights_sitenote_note":"","_monsterinsights_sitenote_category":0,"_uf_show_specific_survey":0,"_uf_disable_surveys":false,"footnotes":""},"categories":[8,1,14],"tags":[],"class_list":["post-16424","post","type-post","status-publish","format-standard","has-post-thumbnail","hentry","category-agro","category-news","category-politica-agro"],"_links":{"self":[{"href":"https:\/\/agromt.news\/index.php?rest_route=\/wp\/v2\/posts\/16424"}],"collection":[{"href":"https:\/\/agromt.news\/index.php?rest_route=\/wp\/v2\/posts"}],"about":[{"href":"https:\/\/agromt.news\/index.php?rest_route=\/wp\/v2\/types\/post"}],"author":[{"embeddable":true,"href":"https:\/\/agromt.news\/index.php?rest_route=\/wp\/v2\/users\/1"}],"replies":[{"embeddable":true,"href":"https:\/\/agromt.news\/index.php?rest_route=%2Fwp%2Fv2%2Fcomments&post=16424"}],"version-history":[{"count":0,"href":"https:\/\/agromt.news\/index.php?rest_route=\/wp\/v2\/posts\/16424\/revisions"}],"wp:featuredmedia":[{"embeddable":true,"href":"https:\/\/agromt.news\/index.php?rest_route=\/wp\/v2\/media\/12273"}],"wp:attachment":[{"href":"https:\/\/agromt.news\/index.php?rest_route=%2Fwp%2Fv2%2Fmedia&parent=16424"}],"wp:term":[{"taxonomy":"category","embeddable":true,"href":"https:\/\/agromt.news\/index.php?rest_route=%2Fwp%2Fv2%2Fcategories&post=16424"},{"taxonomy":"post_tag","embeddable":true,"href":"https:\/\/agromt.news\/index.php?rest_route=%2Fwp%2Fv2%2Ftags&post=16424"}],"curies":[{"name":"wp","href":"https:\/\/api.w.org\/{rel}","templated":true}]}}