{"id":16422,"date":"2025-07-09T09:24:59","date_gmt":"2025-07-09T13:24:59","guid":{"rendered":"https:\/\/agromt.news\/?p=16422"},"modified":"2025-07-09T09:24:59","modified_gmt":"2025-07-09T13:24:59","slug":"chuvas-extremas-e-doencas-no-rebanho-ameaca-crescente-a-pecuaria","status":"publish","type":"post","link":"https:\/\/agromt.news\/?p=16422","title":{"rendered":"Chuvas extremas e doen\u00e7as no rebanho: amea\u00e7a crescente \u00e0 pecu\u00e1ria"},"content":{"rendered":"<p> <br \/>\n<\/p>\n<div>\n<figure class=\"wp-block-image\"><img fetchpriority=\"high\" decoding=\"async\" width=\"1155\" height=\"672\" src=\"https:\/\/agromt.news\/wp-content\/uploads\/2025\/07\/Chuvas-extremas-e-doencas-no-rebanho-ameaca-crescente-a-pecuaria.jpg\" alt=\"Chuvas extremas e doen\u00e7as no rebanho\" class=\"wp-image-4109383\"  \/><figcaption class=\"wp-element-caption\">Foto: Divulga\u00e7\u00e3o l Fazenda Pantanal<\/figcaption><\/figure>\n<p>Entre 2020 e 2023, o Brasil registrou 7.539 desastres relacionados a chuvas intensas, como enxurradas, inunda\u00e7\u00f5es e deslizamentos, segundo o relat\u00f3rio <em>Temporadas das \u00c1guas<\/em>, da Unifesp. O n\u00famero representa um aumento de 223% em rela\u00e7\u00e3o \u00e0 d\u00e9cada de 1990 e deve seguir crescendo, especialmente nas regi\u00f5es Sul e Sudeste, onde se projeta aumento de at\u00e9 30% no volume de chuvas at\u00e9 2100.<\/p>\n<p>Esse novo cen\u00e1rio clim\u00e1tico n\u00e3o afeta apenas estradas, lavouras e estruturas. Ele representa tamb\u00e9m uma amea\u00e7a silenciosa \u00e0 sanidade dos rebanhos, com impactos diretos na produtividade, bem-estar e rentabilidade das fazendas.<\/p>\n<p>A combina\u00e7\u00e3o entre solo encharcado, barro acumulado e mat\u00e9ria org\u00e2nica em decomposi\u00e7\u00e3o forma o ambiente ideal para a prolifera\u00e7\u00e3o de bact\u00e9rias, fungos e vermes. Conhe\u00e7a as principais doen\u00e7as que tendem a crescer com as chuvas intensas:<\/p>\n<h3 class=\"wp-block-heading\" id=\"h-mastite\"><strong>Mastite<\/strong><\/h3>\n<p>O contato constante dos tetos com lama e sujeira eleva o risco de infec\u00e7\u00e3o nas vacas leiteiras. A doen\u00e7a compromete a qualidade e o volume do leite, al\u00e9m de demandar tratamentos prolongados e custo adicional com medicamentos.<\/p>\n<h3 class=\"wp-block-heading\" id=\"h-pododermatite\"><strong>Pododermatite<\/strong><\/h3>\n<p>\u00c1reas alagadas favorecem les\u00f5es nos cascos, causando dor, claudica\u00e7\u00e3o e perda de desempenho. O animal reduz o consumo de alimentos e o ganho de peso, afetando diretamente os \u00edndices zoot\u00e9cnicos.<\/p>\n<h3 class=\"wp-block-heading\" id=\"h-verminoses-gastrointestinais\"><strong>Verminoses gastrointestinais<\/strong><\/h3>\n<p>A umidade constante nas pastagens acelera o ciclo de vida de parasitas internos. Os bovinos infectados apresentam perda de apetite, fraqueza e maior suscetibilidade a outras doen\u00e7as.<\/p>\n<p>Al\u00e9m da sa\u00fade, o estresse provocado por ambientes \u00famidos e insalubres tamb\u00e9m afeta a imunidade dos animais, dificultando a recupera\u00e7\u00e3o e aumentando os riscos de novos surtos.<\/p>\n<figure class=\"wp-block-image\"><img decoding=\"async\" width=\"1320\" height=\"768\" src=\"https:\/\/agromt.news\/wp-content\/uploads\/2025\/07\/1752067499_254_Chuvas-extremas-e-doencas-no-rebanho-ameaca-crescente-a-pecuaria.jpg\" alt=\"A amea\u00e7a invis\u00edvel das doen\u00e7as no rebanho\" class=\"wp-image-4109385\"  \/><figcaption class=\"wp-element-caption\">Foto: Divulga\u00e7\u00e3o l Fazenda Pantanal<\/figcaption><\/figure>\n<h2 class=\"wp-block-heading\" id=\"h-impactos-economicos-vao-alem-da-sanidade-animal\"><strong>Impactos econ\u00f4micos v\u00e3o al\u00e9m da sanidade animal<\/strong><\/h2>\n<p>As consequ\u00eancias das doen\u00e7as causadas por chuvas extremas n\u00e3o param nos diagn\u00f3sticos cl\u00ednicos. H\u00e1 eleva\u00e7\u00e3o nos custos com tratamento veterin\u00e1rio, perdas de produ\u00e7\u00e3o, aumento da mortalidade em rebanhos jovens e queda na fertilidade de matrizes.<\/p>\n<\/div>\n<div>\n<p>Em propriedades com produ\u00e7\u00e3o intensiva ou gen\u00e9tica de alto valor, qualquer preju\u00edzo sanit\u00e1rio representa perdas expressivas. O manejo di\u00e1rio tamb\u00e9m se torna mais dif\u00edcil em \u00e1reas com lama excessiva, atrasando manejos como aparta\u00e7\u00e3o, vacina\u00e7\u00e3o e alimenta\u00e7\u00e3o.<\/p>\n<h2 class=\"wp-block-heading\" id=\"h-boas-praticas-ajudam-a-prevenir-prejuizos-sanitarios\"><strong>Boas pr\u00e1ticas ajudam a prevenir preju\u00edzos sanit\u00e1rios<\/strong><\/h2>\n<p>Diante do aumento da frequ\u00eancia de eventos extremos, o pecuarista deve adotar estrat\u00e9gias estruturais e sanit\u00e1rias adaptadas ao novo clima. Confira as principais recomenda\u00e7\u00f5es:<\/p>\n<h3 class=\"wp-block-heading\" id=\"h-1-reavalie-areas-de-manejo\"><strong>1. Reavalie \u00e1reas de manejo<\/strong><\/h3>\n<ul class=\"wp-block-list\">\n<li>Evite deixar os animais em locais alagadi\u00e7os.<\/li>\n<li>Mapeie \u00e1reas de drenagem deficiente.<\/li>\n<\/ul>\n<h3 class=\"wp-block-heading\" id=\"h-2-melhore-a-infraestrutura\"><strong>2. Melhore a infraestrutura<\/strong><\/h3>\n<ul class=\"wp-block-list\">\n<li>Use <em>pisos drenantes<\/em> em currais e \u00e1reas de ordenha.<\/li>\n<li>Proteja cochos e bebedouros com coberturas.<\/li>\n<li>Mantenha locais de descanso secos e limpos.<\/li>\n<\/ul>\n<h3 class=\"wp-block-heading\" id=\"h-3-refine-o-controle-sanitario\"><strong>3. Refine o controle sanit\u00e1rio<\/strong><\/h3>\n<ul class=\"wp-block-list\">\n<li>Fa\u00e7a vermifuga\u00e7\u00e3o estrat\u00e9gica com base em exames.<\/li>\n<li>Atualize o calend\u00e1rio vacinal.<\/li>\n<li>Reforce a limpeza de piquetes e descarte de mat\u00e9ria org\u00e2nica.<\/li>\n<\/ul>\n<h3 class=\"wp-block-heading\" id=\"h-4-conte-com-assistencia-tecnica\"><strong>4. Conte com assist\u00eancia t\u00e9cnica<\/strong><\/h3>\n<ul class=\"wp-block-list\">\n<li>A atua\u00e7\u00e3o de um m\u00e9dico-veterin\u00e1rio \u00e9 essencial para prevenir surtos, adaptar protocolos e responder com agilidade a qualquer sinal cl\u00ednico.<\/li>\n<\/ul>\n<p>O avan\u00e7o das chuvas intensas como padr\u00e3o clim\u00e1tico exige uma mudan\u00e7a de mentalidade na pecu\u00e1ria nacional. A ado\u00e7\u00e3o de medidas preventivas, o fortalecimento da estrutura sanit\u00e1ria das fazendas e a aten\u00e7\u00e3o constante ao bem-estar animal s\u00e3o caminhos sem volta para garantir produtividade com sustentabilidade.<\/p>\n<\/p><\/div>\n<p><br \/>\n<br \/><a href=\"https:\/\/www.canalrural.com.br\/diversos\/chuvas-extremas-doencas-rebanho-pecuaria\/\">Source link <\/a><\/p>\n","protected":false},"excerpt":{"rendered":"<p>Foto: Divulga\u00e7\u00e3o l Fazenda Pantanal Entre 2020 e 2023, o Brasil registrou 7.539 desastres relacionados a chuvas intensas, como enxurradas,<\/p>\n","protected":false},"author":1,"featured_media":16423,"comment_status":"open","ping_status":"open","sticky":false,"template":"","format":"standard","meta":{"_monsterinsights_skip_tracking":false,"_monsterinsights_sitenote_active":false,"_monsterinsights_sitenote_note":"","_monsterinsights_sitenote_category":0,"_uf_show_specific_survey":0,"_uf_disable_surveys":false,"footnotes":""},"categories":[1],"tags":[],"class_list":["post-16422","post","type-post","status-publish","format-standard","has-post-thumbnail","hentry","category-news"],"_links":{"self":[{"href":"https:\/\/agromt.news\/index.php?rest_route=\/wp\/v2\/posts\/16422"}],"collection":[{"href":"https:\/\/agromt.news\/index.php?rest_route=\/wp\/v2\/posts"}],"about":[{"href":"https:\/\/agromt.news\/index.php?rest_route=\/wp\/v2\/types\/post"}],"author":[{"embeddable":true,"href":"https:\/\/agromt.news\/index.php?rest_route=\/wp\/v2\/users\/1"}],"replies":[{"embeddable":true,"href":"https:\/\/agromt.news\/index.php?rest_route=%2Fwp%2Fv2%2Fcomments&post=16422"}],"version-history":[{"count":0,"href":"https:\/\/agromt.news\/index.php?rest_route=\/wp\/v2\/posts\/16422\/revisions"}],"wp:featuredmedia":[{"embeddable":true,"href":"https:\/\/agromt.news\/index.php?rest_route=\/wp\/v2\/media\/16423"}],"wp:attachment":[{"href":"https:\/\/agromt.news\/index.php?rest_route=%2Fwp%2Fv2%2Fmedia&parent=16422"}],"wp:term":[{"taxonomy":"category","embeddable":true,"href":"https:\/\/agromt.news\/index.php?rest_route=%2Fwp%2Fv2%2Fcategories&post=16422"},{"taxonomy":"post_tag","embeddable":true,"href":"https:\/\/agromt.news\/index.php?rest_route=%2Fwp%2Fv2%2Ftags&post=16422"}],"curies":[{"name":"wp","href":"https:\/\/api.w.org\/{rel}","templated":true}]}}