{"id":16421,"date":"2025-07-09T09:11:25","date_gmt":"2025-07-09T13:11:25","guid":{"rendered":"https:\/\/agromt.news\/?p=16421"},"modified":"2025-07-09T09:11:25","modified_gmt":"2025-07-09T13:11:25","slug":"lula-cresce-com-os-pobres-e-reage-a-trump-para-unir-o-pais","status":"publish","type":"post","link":"https:\/\/agromt.news\/?p=16421","title":{"rendered":"Lula cresce com os pobres e reage a Trump para unir o pa\u00eds"},"content":{"rendered":"<p> <br \/>\n<\/p>\n<div>\n<p>O Brasil caminha para integrar a metade mais pobre do mundo em renda <em>per capita<\/em>, uma estat\u00edstica que, em tese, deveria gerar indigna\u00e7\u00e3o nacional. No entanto, em um ambiente de alta polariza\u00e7\u00e3o, esse dado ganha contornos estrat\u00e9gicos para o governo Lula, que tem nas camadas mais pobres da popula\u00e7\u00e3o seu principal reduto eleitoral. O que \u00e9 ruim para a na\u00e7\u00e3o pode ser funcional para o projeto de poder.<\/p>\n<p>Segundo estimativas recentes, a renda <em>per capita<\/em> brasileira est\u00e1 estagnada e o pa\u00eds perde posi\u00e7\u00f5es no ranking global, apesar de ainda figurar entre as maiores economias em termos absolutos de PIB. Na pr\u00e1tica, isso significa que o brasileiro m\u00e9dio est\u00e1 mais pobre que a m\u00e9dia mundial, mesmo em um pa\u00eds com potencial agr\u00edcola, industrial e energ\u00e9tico expressivo. Essa distor\u00e7\u00e3o \u00e9 o reflexo de uma economia desequilibrada, concentrada e dependente de pol\u00edticas de transfer\u00eancia.<\/p>\n<p>\u00c9 nesse cen\u00e1rio que Lula prepara seu discurso de reelei\u00e7\u00e3o: o de protetor dos pobres frente a uma elite vista como insens\u00edvel e contr\u00e1ria \u00e0s conquistas sociais. Programas como o Bolsa Fam\u00edlia, que hoje atende mais de 21 milh\u00f5es de fam\u00edlias com benef\u00edcios de no m\u00ednimo R$ 600 mensais, ser\u00e3o o eixo central da narrativa governista. O recado \u00e9 direto: \u201cse Lula cair, os benef\u00edcios caem juntos\u201d.<\/p>\n<p>Essa estrat\u00e9gia tem precedente. Em 2006, 2010 e 2014, o PT conseguiu ampliar sua base pol\u00edtica nas regi\u00f5es mais pobres do pa\u00eds, associando sua perman\u00eancia no poder \u00e0 continuidade dos programas sociais. Agora, com a volta de Lula, esse modelo ganha nova roupagem, mais agressiva: com um discurso polarizado que confronta diretamente \u201cricos contra pobres\u201d e responsabiliza a oposi\u00e7\u00e3o por tentar impedir que o governo \u201ccuidasse dos mais necessitados\u201d.<\/p>\n<p>A ret\u00f3rica \u00e9 simples, por\u00e9m potente: \u201celes querem cortar, n\u00f3s queremos cuidar\u201d. E ganha for\u00e7a em um contexto de impasse fiscal, onde qualquer proposta de conten\u00e7\u00e3o de gastos \u00e9 facilmente interpretada como ataque aos mais vulner\u00e1veis.<\/p>\n<\/div>\n<div>\n<p>Contudo, a oposi\u00e7\u00e3o tamb\u00e9m contribui, mesmo que involuntariamente, para esse quadro. Sem apresentar um projeto claro de supera\u00e7\u00e3o da pobreza, desenvolvimento produtivo e mobilidade social, seus parlamentares \u2014 muitas vezes divididos \u2014 acabam cedendo \u00e0 press\u00e3o popular e votando a favor da amplia\u00e7\u00e3o de benef\u00edcios sociais, com receio do custo pol\u00edtico de se opor. O resultado \u00e9 um ciclo em que, na pr\u00e1tica, a oposi\u00e7\u00e3o alimenta o mesmo cen\u00e1rio que fortalece eleitoralmente Lula no Congresso Nacional.<\/p>\n<p>Al\u00e9m disso, Lula encontrou uma nova oportunidade de agregar o povo em torno de si diante das cr\u00edticas recentes de <strong><a href=\"http:\/\/www.canalrural.com.br\/tag\/donald-trump\/\">Donald Trump<\/a><\/strong> ao Brasil e aos Brics, uma postura que desperta o sentimento de uni\u00e3o patri\u00f3tica e refor\u00e7a sua lideran\u00e7a diante de ataques externos.<\/p>\n<p>Enquanto isso, o Brasil empobrece. A d\u00edvida p\u00fablica se aproxima de 80% do PIB, os juros continuam altos para conter a infla\u00e7\u00e3o alimentada pelo gasto p\u00fablico, e a produtividade segue em baixa. Benef\u00edcios como o Bolsa Fam\u00edlia aliviam a mis\u00e9ria, mas n\u00e3o resolvem suas causas. Pior: sua expans\u00e3o cont\u00ednua sem contrapartida produtiva gera depend\u00eancia estrutural.<\/p>\n<p>A verdade inc\u00f4moda \u00e9 que o pa\u00eds est\u00e1 diante de um dilema: transformar a prote\u00e7\u00e3o social em ponte para a autonomia produtiva ou manter-se preso ao ciclo da pobreza financiada pelo Estado. Lula escolheu a segunda via, ao menos enquanto durar sua aposta eleitoral.<\/p>\n<p>Se vencer, ter\u00e1 capital pol\u00edtico para seguir nesse modelo. Mas, se perder, deixar\u00e1 ao pr\u00f3ximo governo uma bomba fiscal e social de efeitos imprevis\u00edveis, e uma popula\u00e7\u00e3o ainda mais c\u00e9tica em rela\u00e7\u00e3o a qualquer promessa de futuro que n\u00e3o passe pela depend\u00eancia do Estado.<\/p>\n<div class=\"wp-block-media-text is-stacked-on-mobile\">\n<figure class=\"wp-block-media-text__media\"><img fetchpriority=\"high\" decoding=\"async\" width=\"683\" height=\"1024\" alt=\"Miguel Daoud\" class=\"wp-image-4095706 size-full\"  data-lazy- src=\"https:\/\/agromt.news\/wp-content\/uploads\/2025\/04\/Como-guerras-e-crises-moldaram-o-preco-das-commodities-nos.jpg\"\/><img decoding=\"async\" width=\"683\" height=\"1024\" src=\"https:\/\/agromt.news\/wp-content\/uploads\/2025\/04\/Como-guerras-e-crises-moldaram-o-preco-das-commodities-nos.jpg\" alt=\"Miguel Daoud\" class=\"wp-image-4095706 size-full\"  \/><\/figure>\n<div class=\"wp-block-media-text__content\">\n<p class=\"has-text-align-center\">*<em><strong>Miguel Daoud<\/strong>\u00a0\u00e9 comentarista de Economia e Pol\u00edtica\u00a0do Canal Rural<\/em><\/p>\n<\/div>\n<\/div>\n<hr class=\"wp-block-separator has-alpha-channel-opacity\"\/>\n<p><em>O\u00a0<strong>Canal Rural<\/strong>\u00a0n\u00e3o se responsabiliza pelas opini\u00f5es e conceitos emitidos nos textos desta sess\u00e3o, sendo os conte\u00fados de inteira responsabilidade de seus autores. A empresa se reserva o direito de fazer ajustes no texto para adequa\u00e7\u00e3o \u00e0s normas de publica\u00e7\u00e3o.<\/em><\/p>\n<\/p><\/div>\n<p><br \/>\n<br \/><a href=\"https:\/\/www.canalrural.com.br\/opiniao-noticias\/lula-cresce-com-os-pobres-e-reage-a-trump-para-unir-o-pais\/\">Source link <\/a><\/p>\n","protected":false},"excerpt":{"rendered":"<p>O Brasil caminha para integrar a metade mais pobre do mundo em renda per capita, uma estat\u00edstica que, em tese,<\/p>\n","protected":false},"author":1,"featured_media":9877,"comment_status":"open","ping_status":"open","sticky":false,"template":"","format":"standard","meta":{"_monsterinsights_skip_tracking":false,"_monsterinsights_sitenote_active":false,"_monsterinsights_sitenote_note":"","_monsterinsights_sitenote_category":0,"_uf_show_specific_survey":0,"_uf_disable_surveys":false,"footnotes":""},"categories":[1],"tags":[],"class_list":["post-16421","post","type-post","status-publish","format-standard","has-post-thumbnail","hentry","category-news"],"_links":{"self":[{"href":"https:\/\/agromt.news\/index.php?rest_route=\/wp\/v2\/posts\/16421"}],"collection":[{"href":"https:\/\/agromt.news\/index.php?rest_route=\/wp\/v2\/posts"}],"about":[{"href":"https:\/\/agromt.news\/index.php?rest_route=\/wp\/v2\/types\/post"}],"author":[{"embeddable":true,"href":"https:\/\/agromt.news\/index.php?rest_route=\/wp\/v2\/users\/1"}],"replies":[{"embeddable":true,"href":"https:\/\/agromt.news\/index.php?rest_route=%2Fwp%2Fv2%2Fcomments&post=16421"}],"version-history":[{"count":0,"href":"https:\/\/agromt.news\/index.php?rest_route=\/wp\/v2\/posts\/16421\/revisions"}],"wp:featuredmedia":[{"embeddable":true,"href":"https:\/\/agromt.news\/index.php?rest_route=\/wp\/v2\/media\/9877"}],"wp:attachment":[{"href":"https:\/\/agromt.news\/index.php?rest_route=%2Fwp%2Fv2%2Fmedia&parent=16421"}],"wp:term":[{"taxonomy":"category","embeddable":true,"href":"https:\/\/agromt.news\/index.php?rest_route=%2Fwp%2Fv2%2Fcategories&post=16421"},{"taxonomy":"post_tag","embeddable":true,"href":"https:\/\/agromt.news\/index.php?rest_route=%2Fwp%2Fv2%2Ftags&post=16421"}],"curies":[{"name":"wp","href":"https:\/\/api.w.org\/{rel}","templated":true}]}}