{"id":16418,"date":"2025-07-09T07:44:50","date_gmt":"2025-07-09T11:44:50","guid":{"rendered":"https:\/\/agromt.news\/?p=16418"},"modified":"2025-07-09T07:44:50","modified_gmt":"2025-07-09T11:44:50","slug":"frio-geadas-e-chuvas-afetam-rebanhos-bovinos","status":"publish","type":"post","link":"https:\/\/agromt.news\/?p=16418","title":{"rendered":"Frio, geadas e chuvas afetam rebanhos bovinos"},"content":{"rendered":"<p> <br \/>\n<\/p>\n<div>\n<p style=\"text-align:justify\">As condi\u00e7\u00f5es clim\u00e1ticas adversas registradas nas \u00faltimas semanas no Rio Grande do Sul, com frio intenso, geadas e excesso de chuvas, t\u00eam provocado preju\u00edzos \u00e0 bovinocultura. De acordo com o Informativo Conjuntural divulgado pela Emater\/RS-Ascar na quinta-feira (3), os impactos incluem perda de peso dos animais, piora na condi\u00e7\u00e3o corporal e at\u00e9 \u00f3bitos por desnutri\u00e7\u00e3o em regi\u00f5es mais afetadas.&#13;\n<\/p>\n<p style=\"text-align:justify\">\u201cNas \u00e1reas mais cr\u00edticas, os produtores relatam mortes de animais e dificuldades no manejo, o que exigiu a ado\u00e7\u00e3o de medidas emergenciais, como suplementa\u00e7\u00e3o alimentar e adapta\u00e7\u00e3o dos sistemas produtivos\u201d, informou a Emater\/RS-Ascar.<\/p>\n<p style=\"text-align:justify\">Na regi\u00e3o administrativa de Bag\u00e9, especialmente em S\u00e3o Gabriel, observou-se grande n\u00famero de vacas e terneiros com baixa condi\u00e7\u00e3o corporal. Em alguns casos, j\u00e1 h\u00e1 registros de mortes por desnutri\u00e7\u00e3o. Em Itaqui, mesmo nas \u00e1reas com <a href=\"https:\/\/www.agrolink.com.br\/culturas\/pastagens?utm_source=agrolink-detalhe-noticia&amp;utm_medium=detalhe-noticia&amp;utm_campaign=links-internos\" target=\"_blank\" rel=\"noopener\">pastagens<\/a> cultivadas de inverno, os produtores n\u00e3o conseguem concluir a termina\u00e7\u00e3o dos lotes. Em Manoel Viana, os preju\u00edzos foram ampliados pela destrui\u00e7\u00e3o de cercas em decorr\u00eancia das enchentes, comprometendo o manejo dos animais.<\/p>\n<p style=\"text-align:justify\">Em Caxias do Sul, os rebanhos criados em sistema extensivo sofreram perdas de peso. J\u00e1 os animais que recebem suplementa\u00e7\u00e3o mantiveram a condi\u00e7\u00e3o corporal. A regi\u00e3o tamb\u00e9m enfrenta dificuldades para monitorar vacas gestantes devido ao excesso de chuva. Em Erechim, embora o estado nutricional dos animais esteja, em geral, dentro dos par\u00e2metros t\u00e9cnicos, h\u00e1 perda de peso em sistemas com alta lota\u00e7\u00e3o e limita\u00e7\u00e3o de pasto. Terneiros desmamados est\u00e3o sendo direcionados para recria, enquanto novilhas e vacas vazias seguem para termina\u00e7\u00e3o.&#13;\n<\/p>\n<p style=\"text-align:justify\">Em Frederico Westphalen, o frio e a umidade t\u00eam comprometido o conforto t\u00e9rmico dos rebanhos, com reflexos no ganho de peso. Em Passo Fundo, a redistribui\u00e7\u00e3o dos animais para \u00e1reas de campo nativo n\u00e3o foi suficiente para evitar a perda de escore corporal. A baixa disponibilidade de forragem e o manejo dificultado pelas chuvas intensas s\u00e3o apontados como causas principais.<\/p>\n<p style=\"text-align:justify\">A situa\u00e7\u00e3o em Pelotas \u00e9 mais controlada. Apesar do desconforto gerado pelo clima, os animais mant\u00eam boas condi\u00e7\u00f5es corporais e sanit\u00e1rias. A suplementa\u00e7\u00e3o com sal mineral proteinado est\u00e1 sendo usada para preserva\u00e7\u00e3o nutricional, e as gesta\u00e7\u00f5es seguem em andamento. O mercado de exporta\u00e7\u00e3o de terneiros est\u00e1 aquecido, e os remates em Cangu\u00e7u foram adiados devido ao clima.&#13;\n<\/p>\n<p style=\"text-align:justify\">Em Santa Rosa, os produtores iniciaram as termina\u00e7\u00f5es em confinamento. Nos sistemas a pasto, o peso dos bovinos caiu, embora o escore corporal ainda esteja considerado adequado. J\u00e1 em Soledade, a escassez de forragem tem levado os animais a se deslocarem mais, intensificando o pisoteio, a compacta\u00e7\u00e3o do solo e a forma\u00e7\u00e3o de barro, o que compromete o desenvolvimento do campo.<\/p>\n<\/p><\/div>\n<p><script data-cfasync=\"false\">\n    !function (f, b, e, v, n, t, s) {\n        if (f.fbq) return; n = f.fbq = function () {\n            n.callMethod ?\n                n.callMethod.apply(n, arguments) : n.queue.push(arguments)\n        };\n        if (!f._fbq) f._fbq = n; n.push = n; n.loaded = !0; n.version = '2.0';\n        n.queue = []; t = b.createElement(e); t.async = !0;\n        t.src = v; s = b.getElementsByTagName(e)[0];\n        s.parentNode.insertBefore(t, s)\n    }(window, document, 'script',\n        'https:\/\/connect.facebook.net\/en_US\/fbevents.js');\n    fbq('init', '522546078623747');\n    fbq('track', 'PageView');\n<\/script><br \/>\n<br \/><br \/>\n<br \/><a href=\"https:\/\/www.agrolink.com.br\/noticias\/frio--geadas-e-chuvas-afetam-rebanhos-bovinos_503666.html\">Source link <\/a><\/p>\n","protected":false},"excerpt":{"rendered":"<p>As condi\u00e7\u00f5es clim\u00e1ticas adversas registradas nas \u00faltimas semanas no Rio Grande do Sul, com frio intenso, geadas e excesso de<\/p>\n","protected":false},"author":1,"featured_media":5056,"comment_status":"open","ping_status":"open","sticky":false,"template":"","format":"standard","meta":{"_monsterinsights_skip_tracking":false,"_monsterinsights_sitenote_active":false,"_monsterinsights_sitenote_note":"","_monsterinsights_sitenote_category":0,"_uf_show_specific_survey":0,"_uf_disable_surveys":false,"footnotes":""},"categories":[8,1,14],"tags":[],"class_list":["post-16418","post","type-post","status-publish","format-standard","has-post-thumbnail","hentry","category-agro","category-news","category-politica-agro"],"_links":{"self":[{"href":"https:\/\/agromt.news\/index.php?rest_route=\/wp\/v2\/posts\/16418"}],"collection":[{"href":"https:\/\/agromt.news\/index.php?rest_route=\/wp\/v2\/posts"}],"about":[{"href":"https:\/\/agromt.news\/index.php?rest_route=\/wp\/v2\/types\/post"}],"author":[{"embeddable":true,"href":"https:\/\/agromt.news\/index.php?rest_route=\/wp\/v2\/users\/1"}],"replies":[{"embeddable":true,"href":"https:\/\/agromt.news\/index.php?rest_route=%2Fwp%2Fv2%2Fcomments&post=16418"}],"version-history":[{"count":0,"href":"https:\/\/agromt.news\/index.php?rest_route=\/wp\/v2\/posts\/16418\/revisions"}],"wp:featuredmedia":[{"embeddable":true,"href":"https:\/\/agromt.news\/index.php?rest_route=\/wp\/v2\/media\/5056"}],"wp:attachment":[{"href":"https:\/\/agromt.news\/index.php?rest_route=%2Fwp%2Fv2%2Fmedia&parent=16418"}],"wp:term":[{"taxonomy":"category","embeddable":true,"href":"https:\/\/agromt.news\/index.php?rest_route=%2Fwp%2Fv2%2Fcategories&post=16418"},{"taxonomy":"post_tag","embeddable":true,"href":"https:\/\/agromt.news\/index.php?rest_route=%2Fwp%2Fv2%2Ftags&post=16418"}],"curies":[{"name":"wp","href":"https:\/\/api.w.org\/{rel}","templated":true}]}}