{"id":16416,"date":"2025-07-09T04:55:26","date_gmt":"2025-07-09T08:55:26","guid":{"rendered":"https:\/\/agromt.news\/?p=16416"},"modified":"2025-07-09T04:55:26","modified_gmt":"2025-07-09T08:55:26","slug":"frente-fria-se-afasta-e-deixa-rastro-de-pancadas-de-chuva","status":"publish","type":"post","link":"https:\/\/agromt.news\/?p=16416","title":{"rendered":"Frente fria se afasta e deixa rastro de pancadas de chuva"},"content":{"rendered":"<p> <br \/>\n<br \/><img decoding=\"async\" src=\"https:\/\/agromt.news\/wp-content\/uploads\/2024\/10\/umbrella-4425160_1280.jpg\" \/><\/p>\n<div>\n<p>Frente fria se afasta do Sul, mas frio n\u00e3o abandona os estados da Regi\u00e3o. No Nordeste, tempo segue inst\u00e1vel em toda a costa leste, trazendo pancadas de chuva de moderada intensidade. Confira a previs\u00e3o para o Brasil inteiro:<\/p>\n<div data-icp-cta=\"1\" id=\"icp-cta-unique\">Voc\u00ea quer entender como usar o clima a seu favor?<b> <\/b><a href=\"https:\/\/climacampo.canalrural.com.br\/climacampo_-01\">Preparamos um e-book exclusivo<\/a> para ajudar produtores rurais a se antecipar \u00e0s mudan\u00e7as do tempo e planejar melhor suas a\u00e7\u00f5es. Com base em previs\u00f5es meteorol\u00f3gicas confi\u00e1veis, ele oferece orienta\u00e7\u00f5es pr\u00e1ticas para proteger sua lavoura e otimizar seus resultados.<\/div>\n<h2 class=\"wp-block-heading\" id=\"h-sul\">Sul<\/h2>\n<p>A frente fria se afasta do Sul do pa\u00eds, mas o transporte de umidade do oceano para o continente favorece a chuva no litoral do <strong><a href=\"https:\/\/www.canalrural.com.br\/nacional\/parana\/\">Paran\u00e1<\/a><\/strong>. As demais \u00e1reas da Regi\u00e3o t\u00eam tempo firme com predom\u00ednio de sol. Contudo, as temperaturas ficam baixas, especialmente ao amanhecer, devido \u00e0 influ\u00eancia do ar frio. Os term\u00f4metros seguem em patamares amenos no <strong><a href=\"https:\/\/www.canalrural.com.br\/nacional\/rio-grande-do-sul\/\">Rio Grande do Sul<\/a><\/strong> e em Santa Catarina, enquanto no norte do Paran\u00e1 se elevam um pouco mais.<\/p>\n<h2 class=\"wp-block-heading\" id=\"h-sudeste\">Sudeste<\/h2>\n<p>Na quarta-feira, uma frente fria de fraca intensidade atua no oceano, favorecendo chuva fraca e isolada no litoral de S\u00e3o Paulo e do Rio de Janeiro. No norte do Esp\u00edrito Santo a infiltra\u00e7\u00e3o mar\u00edtima pode provocar pancadas moderadas, enquanto as demais \u00e1reas do estado, bem como Minas Gerais, interior de S\u00e3o Paulo e Rio de Janeiro, tem predom\u00ednio de tempo firme. As temperaturas permanecem mais baixas ao amanhecer e esquentam um pouco mais pelo oeste e norte paulista.<\/p>\n<h2 class=\"wp-block-heading\" id=\"h-centro-oeste\">Centro-Oeste<\/h2>\n<p>Predom\u00ednio de tempo firme e sem chuva em Mato Grosso do Sul, Goi\u00e1s e Mato Grosso. O sol vai aparecer desde as primeiras horas do dia, contribuindo para a eleva\u00e7\u00e3o das temperaturas durante a tarde. Amanhece com temperaturas mais baixas no sul e sudoeste do territ\u00f3rio sul-mato-grossense. A umidade relativa do ar pode ficar abaixo dos 30% nos tr\u00eas estados.<\/p>\n<\/div>\n<div>\n<h2 class=\"wp-block-heading\" id=\"h-nordeste\">Nordeste<\/h2>\n<p>O tempo segue inst\u00e1vel e com pancadas de chuva em toda a costa leste do Nordeste. Pode chover entre moderada a forte intensidade no sul e litoral norte da Bahia, e entre Sergipe, Alagoas e Pernambuco. Na Para\u00edba e no Rio Grande do Norte a chuva \u00e9 mais isolada, e no norte do Maranh\u00e3o e litoral do Piau\u00ed pode ocorrer precipita\u00e7\u00f5es moderadas. J\u00e1 no interior, tempo seco e quente com baixa umidade relativa do ar nos hor\u00e1rios de maior aquecimento.<\/p>\n<h2 class=\"wp-block-heading\" id=\"h-norte\">Norte<\/h2>\n<p>O calor e a alta umidade continuam estimulando a forma\u00e7\u00e3o de nuvens carregadas e as pancadas de chuva sobre a metade norte do Amazonas, em Roraima, Amap\u00e1 e norte do Par\u00e1, onde pode chover com at\u00e9 forte intensidade. Por outro lado, o ar seco predomina em Rond\u00f4nia, sul do Par\u00e1 e no Tocantins, onde a umidade do ar pode atingir n\u00edveis de aten\u00e7\u00e3o nos hor\u00e1rios de maior aquecimento.<\/p>\n<\/p><\/div>\n<p><br \/>\n<br \/><a href=\"https:\/\/www.canalrural.com.br\/tempo\/frente-fria-se-afasta-e-deixa-rastro-de-pancadas-de-chuva\/\">Source link <\/a><\/p>\n","protected":false},"excerpt":{"rendered":"<p>Frente fria se afasta do Sul, mas frio n\u00e3o abandona os estados da Regi\u00e3o. No Nordeste, tempo segue inst\u00e1vel em<\/p>\n","protected":false},"author":1,"featured_media":3414,"comment_status":"open","ping_status":"open","sticky":false,"template":"","format":"standard","meta":{"_monsterinsights_skip_tracking":false,"_monsterinsights_sitenote_active":false,"_monsterinsights_sitenote_note":"","_monsterinsights_sitenote_category":0,"_uf_show_specific_survey":0,"_uf_disable_surveys":false,"footnotes":""},"categories":[1],"tags":[],"class_list":["post-16416","post","type-post","status-publish","format-standard","has-post-thumbnail","hentry","category-news"],"_links":{"self":[{"href":"https:\/\/agromt.news\/index.php?rest_route=\/wp\/v2\/posts\/16416"}],"collection":[{"href":"https:\/\/agromt.news\/index.php?rest_route=\/wp\/v2\/posts"}],"about":[{"href":"https:\/\/agromt.news\/index.php?rest_route=\/wp\/v2\/types\/post"}],"author":[{"embeddable":true,"href":"https:\/\/agromt.news\/index.php?rest_route=\/wp\/v2\/users\/1"}],"replies":[{"embeddable":true,"href":"https:\/\/agromt.news\/index.php?rest_route=%2Fwp%2Fv2%2Fcomments&post=16416"}],"version-history":[{"count":0,"href":"https:\/\/agromt.news\/index.php?rest_route=\/wp\/v2\/posts\/16416\/revisions"}],"wp:featuredmedia":[{"embeddable":true,"href":"https:\/\/agromt.news\/index.php?rest_route=\/wp\/v2\/media\/3414"}],"wp:attachment":[{"href":"https:\/\/agromt.news\/index.php?rest_route=%2Fwp%2Fv2%2Fmedia&parent=16416"}],"wp:term":[{"taxonomy":"category","embeddable":true,"href":"https:\/\/agromt.news\/index.php?rest_route=%2Fwp%2Fv2%2Fcategories&post=16416"},{"taxonomy":"post_tag","embeddable":true,"href":"https:\/\/agromt.news\/index.php?rest_route=%2Fwp%2Fv2%2Ftags&post=16416"}],"curies":[{"name":"wp","href":"https:\/\/api.w.org\/{rel}","templated":true}]}}