{"id":16415,"date":"2025-07-09T03:53:24","date_gmt":"2025-07-09T07:53:24","guid":{"rendered":"https:\/\/agromt.news\/?p=16415"},"modified":"2025-07-09T03:53:24","modified_gmt":"2025-07-09T07:53:24","slug":"sao-paulo-amplia-producao-de-biogas-com-residuos-da-cana-de-acucar","status":"publish","type":"post","link":"https:\/\/agromt.news\/?p=16415","title":{"rendered":"S\u00e3o Paulo amplia produ\u00e7\u00e3o de biog\u00e1s com res\u00edduos da cana-de-a\u00e7\u00facar"},"content":{"rendered":"<p> <br \/>\n<\/p>\n<div>\n<p style=\"text-align:justify\">A Secretaria de Agricultura e Abastecimento do Estado de S\u00e3o Paulo informou sobre iniciativas voltadas \u00e0 transi\u00e7\u00e3o energ\u00e9tica e ao fortalecimento do setor sucroenerg\u00e9tico. Dentre os destaques est\u00e1 a instala\u00e7\u00e3o do primeiro gasoduto destinado exclusivamente ao transporte de biometano, em Presidente Prudente. O projeto, conduzido pela empresa N\u00e9cta G\u00e1s Natural, envolve investimento de R$ 12 milh\u00f5es e prev\u00ea a implanta\u00e7\u00e3o de uma rede de 40 quil\u00f4metros, com expectativa de atender 5 mil pessoas e 58 estabelecimentos.\u00a0O fornecimento do g\u00e1s ser\u00e1 feito pela Usina Cocal, localizada no munic\u00edpio de Narandiba, pr\u00f3ximo \u00e0 regi\u00e3o.&#13;\n<\/p>\n<p style=\"text-align:justify\">A iniciativa integra um conjunto de medidas voltadas \u00e0 transi\u00e7\u00e3o energ\u00e9tica no estado de S\u00e3o Paulo. Entre elas, est\u00e1 o licenciamento ambiental das plantas de produ\u00e7\u00e3o de biocombust\u00edveis do setor sucroenerg\u00e9tico, apresentado em 2024 pela Secretaria de Agricultura e Abastecimento, em parceria com a Secretaria de Meio Ambiente, Infraestrutura e Log\u00edstica, por meio da Companhia Ambiental do Estado de S\u00e3o Paulo (CETESB).<\/p>\n<p style=\"text-align:justify\">O estado conta com cerca de 5,5 milh\u00f5es de hectares cultivados com <a href=\"https:\/\/www.agrolink.com.br\/culturas\/cana-de-acucar\/?utm_source=agrolink-detalhe-noticia&amp;utm_medium=detalhe-noticia&amp;utm_campaign=links-internos\" target=\"_blank\" rel=\"noopener\">cana-de-a\u00e7\u00facar<\/a> e mant\u00e9m-se como principal produtor nacional. Res\u00edduos da cultura, como baga\u00e7o, vinha\u00e7a, palha e torta de filtro, s\u00e3o utilizados na gera\u00e7\u00e3o de biog\u00e1s. Ap\u00f3s purifica\u00e7\u00e3o, esse biog\u00e1s se transforma em biometano, combust\u00edvel com composi\u00e7\u00e3o semelhante \u00e0 do g\u00e1s natural.&#13;\n<\/p>\n<p style=\"text-align:justify\">Parte desse avan\u00e7o se deve ao trabalho desenvolvido pelo Instituto Agron\u00f4mico (IAC-Apta), vinculado \u00e0 Secretaria de Agricultura e Abastecimento. O Programa Cana IAC, que completa 30 anos em 2024, promoveu o desenvolvimento de variedades mais produtivas e resistentes, al\u00e9m de tecnologias de manejo e a\u00e7\u00f5es em melhoramento gen\u00e9tico, impulsionando o setor sucroenerg\u00e9tico paulista.<\/p>\n<p style=\"text-align:justify\">Estudo conjunto da Fiesp e do Governo do Estado aponta que a produ\u00e7\u00e3o de biometano pode alcan\u00e7ar 6,4 milh\u00f5es de metros c\u00fabicos por dia, frente aos atuais 0,4 milh\u00e3o, o que representa o potencial de suprir at\u00e9 40% da demanda de g\u00e1s natural em S\u00e3o Paulo. O estudo estima ainda a cria\u00e7\u00e3o de at\u00e9 20 mil empregos diretos e indiretos, com redu\u00e7\u00e3o de 16% nas emiss\u00f5es previstas nas metas clim\u00e1ticas estaduais.&#13;\n<\/p>\n<\/p><\/div>\n<p><script data-cfasync=\"false\">\n    !function (f, b, e, v, n, t, s) {\n        if (f.fbq) return; n = f.fbq = function () {\n            n.callMethod ?\n                n.callMethod.apply(n, arguments) : n.queue.push(arguments)\n        };\n        if (!f._fbq) f._fbq = n; n.push = n; n.loaded = !0; n.version = '2.0';\n        n.queue = []; t = b.createElement(e); t.async = !0;\n        t.src = v; s = b.getElementsByTagName(e)[0];\n        s.parentNode.insertBefore(t, s)\n    }(window, document, 'script',\n        'https:\/\/connect.facebook.net\/en_US\/fbevents.js');\n    fbq('init', '522546078623747');\n    fbq('track', 'PageView');\n<\/script><br \/>\n<br \/><br \/>\n<br \/><a href=\"https:\/\/www.agrolink.com.br\/noticias\/-_503668.html\">Source link <\/a><\/p>\n","protected":false},"excerpt":{"rendered":"<p>A Secretaria de Agricultura e Abastecimento do Estado de S\u00e3o Paulo informou sobre iniciativas voltadas \u00e0 transi\u00e7\u00e3o energ\u00e9tica e ao<\/p>\n","protected":false},"author":1,"featured_media":4770,"comment_status":"open","ping_status":"open","sticky":false,"template":"","format":"standard","meta":{"_monsterinsights_skip_tracking":false,"_monsterinsights_sitenote_active":false,"_monsterinsights_sitenote_note":"","_monsterinsights_sitenote_category":0,"_uf_show_specific_survey":0,"_uf_disable_surveys":false,"footnotes":""},"categories":[8,1,14],"tags":[],"class_list":["post-16415","post","type-post","status-publish","format-standard","has-post-thumbnail","hentry","category-agro","category-news","category-politica-agro"],"_links":{"self":[{"href":"https:\/\/agromt.news\/index.php?rest_route=\/wp\/v2\/posts\/16415"}],"collection":[{"href":"https:\/\/agromt.news\/index.php?rest_route=\/wp\/v2\/posts"}],"about":[{"href":"https:\/\/agromt.news\/index.php?rest_route=\/wp\/v2\/types\/post"}],"author":[{"embeddable":true,"href":"https:\/\/agromt.news\/index.php?rest_route=\/wp\/v2\/users\/1"}],"replies":[{"embeddable":true,"href":"https:\/\/agromt.news\/index.php?rest_route=%2Fwp%2Fv2%2Fcomments&post=16415"}],"version-history":[{"count":0,"href":"https:\/\/agromt.news\/index.php?rest_route=\/wp\/v2\/posts\/16415\/revisions"}],"wp:featuredmedia":[{"embeddable":true,"href":"https:\/\/agromt.news\/index.php?rest_route=\/wp\/v2\/media\/4770"}],"wp:attachment":[{"href":"https:\/\/agromt.news\/index.php?rest_route=%2Fwp%2Fv2%2Fmedia&parent=16415"}],"wp:term":[{"taxonomy":"category","embeddable":true,"href":"https:\/\/agromt.news\/index.php?rest_route=%2Fwp%2Fv2%2Fcategories&post=16415"},{"taxonomy":"post_tag","embeddable":true,"href":"https:\/\/agromt.news\/index.php?rest_route=%2Fwp%2Fv2%2Ftags&post=16415"}],"curies":[{"name":"wp","href":"https:\/\/api.w.org\/{rel}","templated":true}]}}