{"id":16412,"date":"2025-07-09T00:02:13","date_gmt":"2025-07-09T04:02:13","guid":{"rendered":"https:\/\/agromt.news\/?p=16412"},"modified":"2025-07-09T00:02:13","modified_gmt":"2025-07-09T04:02:13","slug":"frio-e-ferias-influenciam-precos-de-frutas-em-minas-gerais","status":"publish","type":"post","link":"https:\/\/agromt.news\/?p=16412","title":{"rendered":"Frio e f\u00e9rias influenciam pre\u00e7os de frutas em Minas Gerais"},"content":{"rendered":"<p> <br \/>\n<\/p>\n<div>\n<p style=\"text-align:justify\">A Secretaria de Estado de Agricultura, Pecu\u00e1ria e Abastecimento de Minas Gerais (Seapa) divulgou, com apoio da Emater-MG, Epamig e IMA, a mais recente an\u00e1lise dos pre\u00e7os das frutas comercializadas na unidade da Ceasa Minas em Contagem. O levantamento, referente ao per\u00edodo de 23 de junho a 4 de julho de 2025, aponta varia\u00e7\u00f5es nos pre\u00e7os influenciadas principalmente por fatores clim\u00e1ticos e pela demanda at\u00edpica durante o recesso escolar.&#13;\n<\/p>\n<p style=\"text-align:justify\">Segundo a an\u00e1lise, entre as dez frutas mais comercializadas no entreposto \u2014 como <a href=\"https:\/\/www.agrolink.com.br\/culturas\/banana?utm_source=agrolink-detalhe-noticia&amp;utm_medium=detalhe-noticia&amp;utm_campaign=links-internos\" target=\"_blank\" rel=\"noopener\">banana<\/a>, lim\u00e3o, <a href=\"https:\/\/www.agrolink.com.br\/culturas\/mamao?utm_source=agrolink-detalhe-noticia&amp;utm_medium=detalhe-noticia&amp;utm_campaign=links-internos\" target=\"_blank\" rel=\"noopener\">mam\u00e3o<\/a>, ma\u00e7\u00e3, <a href=\"https:\/\/www.agrolink.com.br\/culturas\/manga?utm_source=agrolink-detalhe-noticia&amp;utm_medium=detalhe-noticia&amp;utm_campaign=links-internos\" target=\"_blank\" rel=\"noopener\">manga<\/a>, melancia e <a href=\"https:\/\/www.agrolink.com.br\/culturas\/uva?utm_source=agrolink-detalhe-noticia&amp;utm_medium=detalhe-noticia&amp;utm_campaign=links-internos\" target=\"_blank\" rel=\"noopener\">uva<\/a> \u2014 apenas algumas mantiveram os pre\u00e7os est\u00e1veis, como o abacaxi, o coco verde, a <a href=\"https:\/\/www.agrolink.com.br\/culturas\/laranja?utm_source=agrolink-detalhe-noticia&amp;utm_medium=detalhe-noticia&amp;utm_campaign=links-internos\" target=\"_blank\" rel=\"noopener\">laranja<\/a> pera, a melancia e a uva It\u00e1lia. J\u00e1 produtos como banana, lim\u00e3o Tahiti e mam\u00e3o apresentaram eleva\u00e7\u00e3o nas cota\u00e7\u00f5es.<\/p>\n<p style=\"text-align:justify\">O mam\u00e3o, por exemplo, teve alta mesmo com a demanda moderada. A Seapa destacou que as temperaturas mais baixas reduziram a oferta nacional, resultando em frutos menores e menos maduros. &#8220;A menor disponibilidade nas lavouras e nos centros de distribui\u00e7\u00e3o sustenta os pre\u00e7os em patamar elevado&#8221;, avaliou a pasta.&#13;\n<\/p>\n<p style=\"text-align:justify\">No sentido oposto, ma\u00e7\u00e3 e manga registraram queda de pre\u00e7os. A redu\u00e7\u00e3o no valor da ma\u00e7\u00e3 foi atribu\u00edda ao impacto das ondas de frio e ao recesso escolar, que retra\u00edram o consumo. A manga Tommy tamb\u00e9m apresentou leve recuo, refletindo a menor procura durante o inverno nas regi\u00f5es Sul e Sudeste, al\u00e9m da redu\u00e7\u00e3o na demanda provocada pelas f\u00e9rias.<\/p>\n<p style=\"text-align:justify\">O levantamento, realizado semanalmente pela Seapa, integra uma estrat\u00e9gia de monitoramento do abastecimento e forma\u00e7\u00e3o de pre\u00e7os baseada em custos, concorr\u00eancia, oferta e demanda. O objetivo \u00e9 antecipar impactos no mercado hortifrutigranjeiro e orientar os agentes da cadeia produtiva sobre os movimentos comerciais.<br \/>&#13;<br \/>\n\u00a0&#13;\n<\/p>\n<\/p><\/div>\n<p><script data-cfasync=\"false\">\n    !function (f, b, e, v, n, t, s) {\n        if (f.fbq) return; n = f.fbq = function () {\n            n.callMethod ?\n                n.callMethod.apply(n, arguments) : n.queue.push(arguments)\n        };\n        if (!f._fbq) f._fbq = n; n.push = n; n.loaded = !0; n.version = '2.0';\n        n.queue = []; t = b.createElement(e); t.async = !0;\n        t.src = v; s = b.getElementsByTagName(e)[0];\n        s.parentNode.insertBefore(t, s)\n    }(window, document, 'script',\n        'https:\/\/connect.facebook.net\/en_US\/fbevents.js');\n    fbq('init', '522546078623747');\n    fbq('track', 'PageView');\n<\/script><br \/>\n<br \/><br \/>\n<br \/><a href=\"https:\/\/www.agrolink.com.br\/noticias\/-_503670.html\">Source link <\/a><\/p>\n","protected":false},"excerpt":{"rendered":"<p>A Secretaria de Estado de Agricultura, Pecu\u00e1ria e Abastecimento de Minas Gerais (Seapa) divulgou, com apoio da Emater-MG, Epamig e<\/p>\n","protected":false},"author":1,"featured_media":2624,"comment_status":"open","ping_status":"open","sticky":false,"template":"","format":"standard","meta":{"_monsterinsights_skip_tracking":false,"_monsterinsights_sitenote_active":false,"_monsterinsights_sitenote_note":"","_monsterinsights_sitenote_category":0,"_uf_show_specific_survey":0,"_uf_disable_surveys":false,"footnotes":""},"categories":[8,1,14],"tags":[],"class_list":["post-16412","post","type-post","status-publish","format-standard","has-post-thumbnail","hentry","category-agro","category-news","category-politica-agro"],"_links":{"self":[{"href":"https:\/\/agromt.news\/index.php?rest_route=\/wp\/v2\/posts\/16412"}],"collection":[{"href":"https:\/\/agromt.news\/index.php?rest_route=\/wp\/v2\/posts"}],"about":[{"href":"https:\/\/agromt.news\/index.php?rest_route=\/wp\/v2\/types\/post"}],"author":[{"embeddable":true,"href":"https:\/\/agromt.news\/index.php?rest_route=\/wp\/v2\/users\/1"}],"replies":[{"embeddable":true,"href":"https:\/\/agromt.news\/index.php?rest_route=%2Fwp%2Fv2%2Fcomments&post=16412"}],"version-history":[{"count":0,"href":"https:\/\/agromt.news\/index.php?rest_route=\/wp\/v2\/posts\/16412\/revisions"}],"wp:featuredmedia":[{"embeddable":true,"href":"https:\/\/agromt.news\/index.php?rest_route=\/wp\/v2\/media\/2624"}],"wp:attachment":[{"href":"https:\/\/agromt.news\/index.php?rest_route=%2Fwp%2Fv2%2Fmedia&parent=16412"}],"wp:term":[{"taxonomy":"category","embeddable":true,"href":"https:\/\/agromt.news\/index.php?rest_route=%2Fwp%2Fv2%2Fcategories&post=16412"},{"taxonomy":"post_tag","embeddable":true,"href":"https:\/\/agromt.news\/index.php?rest_route=%2Fwp%2Fv2%2Ftags&post=16412"}],"curies":[{"name":"wp","href":"https:\/\/api.w.org\/{rel}","templated":true}]}}