{"id":16409,"date":"2025-07-08T21:14:14","date_gmt":"2025-07-09T01:14:14","guid":{"rendered":"https:\/\/agromt.news\/?p=16409"},"modified":"2025-07-08T21:14:14","modified_gmt":"2025-07-09T01:14:14","slug":"brasil-e-india-assinam-parcerias-na-producao-de-alimentos-e-etanol","status":"publish","type":"post","link":"https:\/\/agromt.news\/?p=16409","title":{"rendered":"Brasil e \u00cdndia assinam parcerias na produ\u00e7\u00e3o de alimentos e etanol"},"content":{"rendered":"<p> <br \/>\n<br \/><img decoding=\"async\" src=\"https:\/\/agromt.news\/wp-content\/uploads\/2025\/07\/Brasil-e-India-assinam-parcerias-na-producao-de-alimentos-e.jpeg\" \/><\/p>\n<div>\n<p>O presidente Luiz In\u00e1cio Lula da Silva recebeu, nesta ter\u00e7a-feira (8), em <strong><a href=\"https:\/\/www.canalrural.com.br\/nacional\/brasilia\/\">Bras\u00edlia<\/a><\/strong>, o primeiro-ministro da \u00cdndia, Narendra Modi, ap\u00f3s reuni\u00f5es do encontro dos Brics.<\/p>\n<p>Durante a visita de Estado, quatro acordos comerciais foram assinados em temas que envolvem parcerias em energia renov\u00e1vel, combate ao terrorismo e ao crime organizado, troca de informa\u00e7\u00f5es confidenciais e pesquisa agr\u00edcola.<\/p>\n<p><iframe title=\"Brasil e \u00cdndia assinam acordos de coopera\u00e7\u00e3o no RJ\" width=\"800\" height=\"450\" src=\"https:\/\/www.youtube.com\/embed\/ScS-1gmaPCM?feature=oembed\" frameborder=\"0\" allow=\"accelerometer; autoplay; clipboard-write; encrypted-media; gyroscope; picture-in-picture; web-share\" referrerpolicy=\"strict-origin-when-cross-origin\" allowfullscreen><\/iframe><noscript><iframe title=\"Brasil e \u00cdndia assinam acordos de coopera\u00e7\u00e3o no RJ\" width=\"800\" height=\"450\" src=\"https:\/\/www.youtube.com\/embed\/ScS-1gmaPCM?feature=oembed\" frameborder=\"0\" allow=\"accelerometer; autoplay; clipboard-write; encrypted-media; gyroscope; picture-in-picture; web-share\" referrerpolicy=\"strict-origin-when-cross-origin\" allowfullscreen><\/iframe><\/noscript><\/p>\n<p>No que compete ao agro, ficou estabelecido uma coopera\u00e7\u00e3o entre a Embrapa e o Conselho Indiano de Pesquisa Agr\u00edcola para estimular projetos de inova\u00e7\u00e3o na produ\u00e7\u00e3o de alimentos.<\/p>\n<p>\u201cNossa pecu\u00e1ria deve muito \u00e0 \u00cdndia. 90% do rebanho zebu\u00edno brasileiro \u00e9 resultado de 60 anos de intensa coopera\u00e7\u00e3o bilateral em melhoramento gen\u00e9tico\u201d, disse o presidente Lula na ocasi\u00e3o.<\/p>\n<p>Ficou decidido, tamb\u00e9m, que os dois pa\u00edses avan\u00e7ar\u00e3o em parcerias que envolvam biocombust\u00edveis. Isso porque a \u00cdndia tem a meta de ampliar para 20% a mistura de etanol na gasolina que circula em seu territ\u00f3rio e para 5% a propor\u00e7\u00e3o de biodiesel no \u00f3leo diesel.<\/p>\n<h2 class=\"wp-block-heading\" id=\"h-comercio-bilateral\">Com\u00e9rcio bilateral<\/h2>\n<p>O com\u00e9rcio entre os dois pa\u00edses somou US$ 12 bilh\u00f5es em 2024, mas j\u00e1 mostra sinais de crescimento em 2025, com 24% de alta nos primeiros cinco deste ano.<\/p>\n<\/div>\n<div>\n<p>Lula e Modi disseram ver espa\u00e7o para aumentar exponencialmente este volume de trocas, sendo que o presidente brasileiro disse em triplicar o valor j\u00e1 no curto prazo. O primeiro-ministro indiano, por outro lado, enxerga potencial para chegar em US$ 20 bilh\u00f5es nos pr\u00f3ximos cinco anos.<\/p>\n<p>No saldo da balan\u00e7a comercial, ligeira vantagem aos indianos: as exporta\u00e7\u00f5es brasileiras chegaram a US$ 5,26 bilh\u00f5es, com destaque para a\u00e7\u00facar, petr\u00f3leo bruto, \u00f3leos e avi\u00f5es. J\u00e1 as importa\u00e7\u00f5es somam US$ 6,8 bilh\u00f5es. Apesar de ter 1,4 bilh\u00e3o de habitantes, a \u00cdndia \u00e9 apenas o d\u00e9cimo maior parceiro comercial do Brasil. <\/p>\n<p>No encontro dos chefes de Estado, Lula destacou a afinidade entre Brasil e \u00cdndia, ressaltando a import\u00e2ncia de uma rela\u00e7\u00e3o s\u00f3lida entre na\u00e7\u00f5es que compartilham caracter\u00edsticas semelhantes. <\/p>\n<p>\u201c\u00c9 muito importante que as pessoas compreendam que um pa\u00eds megadiverso como o Brasil tem a obriga\u00e7\u00e3o de ter uma rela\u00e7\u00e3o pol\u00edtica, cultural, uma rela\u00e7\u00e3o econ\u00f4mica e comercial com outro pa\u00eds megadiverso\u201d, afirmou. <\/p>\n<p>Segundo Lula, a riqueza natural, a pluralidade cultural e a diversidade social de ambos os pa\u00edses s\u00e3o bases para uma coopera\u00e7\u00e3o ampla.<\/p>\n<\/p><\/div>\n<p><br \/>\n<br \/><a href=\"https:\/\/www.canalrural.com.br\/internacional\/brasil-e-india-assinam-parcerias-na-producao-de-alimentos-e-etanol\/\">Source link <\/a><\/p>\n","protected":false},"excerpt":{"rendered":"<p>O presidente Luiz In\u00e1cio Lula da Silva recebeu, nesta ter\u00e7a-feira (8), em Bras\u00edlia, o primeiro-ministro da \u00cdndia, Narendra Modi, ap\u00f3s<\/p>\n","protected":false},"author":1,"featured_media":16410,"comment_status":"open","ping_status":"open","sticky":false,"template":"","format":"standard","meta":{"_monsterinsights_skip_tracking":false,"_monsterinsights_sitenote_active":false,"_monsterinsights_sitenote_note":"","_monsterinsights_sitenote_category":0,"_uf_show_specific_survey":0,"_uf_disable_surveys":false,"footnotes":""},"categories":[1],"tags":[],"class_list":["post-16409","post","type-post","status-publish","format-standard","has-post-thumbnail","hentry","category-news"],"_links":{"self":[{"href":"https:\/\/agromt.news\/index.php?rest_route=\/wp\/v2\/posts\/16409"}],"collection":[{"href":"https:\/\/agromt.news\/index.php?rest_route=\/wp\/v2\/posts"}],"about":[{"href":"https:\/\/agromt.news\/index.php?rest_route=\/wp\/v2\/types\/post"}],"author":[{"embeddable":true,"href":"https:\/\/agromt.news\/index.php?rest_route=\/wp\/v2\/users\/1"}],"replies":[{"embeddable":true,"href":"https:\/\/agromt.news\/index.php?rest_route=%2Fwp%2Fv2%2Fcomments&post=16409"}],"version-history":[{"count":0,"href":"https:\/\/agromt.news\/index.php?rest_route=\/wp\/v2\/posts\/16409\/revisions"}],"wp:featuredmedia":[{"embeddable":true,"href":"https:\/\/agromt.news\/index.php?rest_route=\/wp\/v2\/media\/16410"}],"wp:attachment":[{"href":"https:\/\/agromt.news\/index.php?rest_route=%2Fwp%2Fv2%2Fmedia&parent=16409"}],"wp:term":[{"taxonomy":"category","embeddable":true,"href":"https:\/\/agromt.news\/index.php?rest_route=%2Fwp%2Fv2%2Fcategories&post=16409"},{"taxonomy":"post_tag","embeddable":true,"href":"https:\/\/agromt.news\/index.php?rest_route=%2Fwp%2Fv2%2Ftags&post=16409"}],"curies":[{"name":"wp","href":"https:\/\/api.w.org\/{rel}","templated":true}]}}