{"id":16407,"date":"2025-07-08T20:14:06","date_gmt":"2025-07-09T00:14:06","guid":{"rendered":"https:\/\/agromt.news\/?p=16407"},"modified":"2025-07-08T20:14:06","modified_gmt":"2025-07-09T00:14:06","slug":"brasil-passara-a-exportar-castanha-de-baru-a-uniao-europeia","status":"publish","type":"post","link":"https:\/\/agromt.news\/?p=16407","title":{"rendered":"Brasil passar\u00e1 a exportar castanha de baru \u00e0 Uni\u00e3o Europeia"},"content":{"rendered":"<p> <br \/>\n<br \/><img decoding=\"async\" src=\"https:\/\/agromt.news\/wp-content\/uploads\/2025\/07\/Brasil-passara-a-exportar-castanha-de-baru-a-Uniao-Europeia.jpg\" \/><\/p>\n<div>\n<p>Os pa\u00edses da Uni\u00e3o Europeia passar\u00e3o a comprar castanhas torradas de baru do Brasil, anunciou o Minist\u00e9rio da Agricultura e Pecu\u00e1ria <strong><a href=\"https:\/\/www.canalrural.com.br\/tag\/mapa\/\">(Mapa)<\/a><\/strong> nesta ter\u00e7a-feira (8).<\/p>\n<p>Considerada um \u201csuperalimento\u201d por suas propriedades nutricionais, a exporta\u00e7\u00e3o desse tipo de castanha tem potencial crescente nos mercados de alimentos funcionais e naturais. <\/p>\n<p>\u201cA abertura \u00e9 marco importante no fortalecimento da bioeconomia brasileira e na valoriza\u00e7\u00e3o de produtos oriundos do cerrado no mercado internacional\u201d, diz a pasta, em nota.<\/p>\n<\/div>\n<div>\n<p>Com mais de 447 milh\u00f5es de habitantes, a Uni\u00e3o Europeia \u00e9 composta de 27 pa\u00edses e \u00e9 o segundo maior comprador de produtos agropecu\u00e1rios brasileiros. Em 2024, o bloco importou mais de US$ 23 bilh\u00f5es do Brasil, com destaque para soja, caf\u00e9 e produtos florestais.<\/p>\n<p>Com este an\u00fancio, o agroneg\u00f3cio brasileiro alcan\u00e7a 389 aberturas de mercado desde o in\u00edcio de 2023. <\/p>\n<\/p><\/div>\n<p><br \/>\n<br \/><a href=\"https:\/\/www.canalrural.com.br\/agricultura\/brasil-passara-a-exportar-castanha-de-baru-a-uniao-europeia\/\">Source link <\/a><\/p>\n","protected":false},"excerpt":{"rendered":"<p>Os pa\u00edses da Uni\u00e3o Europeia passar\u00e3o a comprar castanhas torradas de baru do Brasil, anunciou o Minist\u00e9rio da Agricultura e<\/p>\n","protected":false},"author":1,"featured_media":16408,"comment_status":"open","ping_status":"open","sticky":false,"template":"","format":"standard","meta":{"_monsterinsights_skip_tracking":false,"_monsterinsights_sitenote_active":false,"_monsterinsights_sitenote_note":"","_monsterinsights_sitenote_category":0,"_uf_show_specific_survey":0,"_uf_disable_surveys":false,"footnotes":""},"categories":[1],"tags":[],"class_list":["post-16407","post","type-post","status-publish","format-standard","has-post-thumbnail","hentry","category-news"],"_links":{"self":[{"href":"https:\/\/agromt.news\/index.php?rest_route=\/wp\/v2\/posts\/16407"}],"collection":[{"href":"https:\/\/agromt.news\/index.php?rest_route=\/wp\/v2\/posts"}],"about":[{"href":"https:\/\/agromt.news\/index.php?rest_route=\/wp\/v2\/types\/post"}],"author":[{"embeddable":true,"href":"https:\/\/agromt.news\/index.php?rest_route=\/wp\/v2\/users\/1"}],"replies":[{"embeddable":true,"href":"https:\/\/agromt.news\/index.php?rest_route=%2Fwp%2Fv2%2Fcomments&post=16407"}],"version-history":[{"count":0,"href":"https:\/\/agromt.news\/index.php?rest_route=\/wp\/v2\/posts\/16407\/revisions"}],"wp:featuredmedia":[{"embeddable":true,"href":"https:\/\/agromt.news\/index.php?rest_route=\/wp\/v2\/media\/16408"}],"wp:attachment":[{"href":"https:\/\/agromt.news\/index.php?rest_route=%2Fwp%2Fv2%2Fmedia&parent=16407"}],"wp:term":[{"taxonomy":"category","embeddable":true,"href":"https:\/\/agromt.news\/index.php?rest_route=%2Fwp%2Fv2%2Fcategories&post=16407"},{"taxonomy":"post_tag","embeddable":true,"href":"https:\/\/agromt.news\/index.php?rest_route=%2Fwp%2Fv2%2Ftags&post=16407"}],"curies":[{"name":"wp","href":"https:\/\/api.w.org\/{rel}","templated":true}]}}