{"id":16401,"date":"2025-07-08T19:07:06","date_gmt":"2025-07-08T23:07:06","guid":{"rendered":"https:\/\/agromt.news\/?p=16401"},"modified":"2025-07-08T19:07:06","modified_gmt":"2025-07-08T23:07:06","slug":"panicum-resistente-para-cavalos-qual-a-melhor-opcao-alem-do-tifton","status":"publish","type":"post","link":"https:\/\/agromt.news\/?p=16401","title":{"rendered":"Panicum resistente para cavalos: qual a melhor op\u00e7\u00e3o al\u00e9m do tifton?"},"content":{"rendered":"<p> <br \/>\n<\/p>\n<div>\n<p>Escolher o <strong>pasto certo para cavalos<\/strong> pode fazer toda a diferen\u00e7a, principalmente quando o clima aperta. Quer otimizar a pastagem para seus cavalos e encarar a seca com mais preparo? Assista ao v\u00eddeo e confira as orienta\u00e7\u00f5es.<\/p>\n<figure class=\"wp-block-embed is-type-video is-provider-youtube wp-block-embed-youtube wp-embed-aspect-16-9 wp-has-aspect-ratio\">\n<p>\n<iframe title=\"PASTO RESISTENTE PARA CAVALOS: QUAL PANICUM ESCOLHER AL\u00c9M DO TIFTON?\" width=\"800\" height=\"450\" src=\"https:\/\/www.youtube.com\/embed\/MjYjWqWKk0o?feature=oembed\" frameborder=\"0\" allow=\"accelerometer; autoplay; clipboard-write; encrypted-media; gyroscope; picture-in-picture; web-share\" referrerpolicy=\"strict-origin-when-cross-origin\" allowfullscreen><\/iframe>\n<\/p>\n<\/figure>\n<p>E foi justamente essa a d\u00favida do criador Juarez Teixeira, de Jata\u00ed (GO), que perguntou ao quadro <em>Giro do Boi Responde<\/em> qual capim do g\u00eanero <strong>Panicum<\/strong> seria mais indicado para cavalos que pastam na seca, excluindo o tradicional Tifton.<\/p>\n<p>A resposta veio de <strong>Josmar Almeida<\/strong>, zootecnista, mestre em Produ\u00e7\u00e3o Animal e s\u00f3cio da consultoria Gerente de Pasto. Segundo ele, algumas cultivares do g\u00eanero Panicum podem entregar \u00f3timos resultados no manejo de equinos.<\/p>\n<h2 class=\"wp-block-heading\" id=\"h-as-melhores-variedades-de-panicum-para-cavalos\">As melhores variedades de Panicum para cavalos<\/h2>\n<figure class=\"wp-block-image size-large\"><img fetchpriority=\"high\" decoding=\"async\" width=\"1024\" height=\"576\" src=\"https:\/\/agromt.news\/wp-content\/uploads\/2025\/07\/Panicum-resistente-para-cavalos-qual-a-melhor-opcao-alem-do.jpg\" alt=\"Dossel foliar de capim-Tamani (Panicum maximum cv. BRS Tamani) em pequenas parcelas. Foto: Allan Kardec Braga Ramos\/Embrapa Cerrados\" class=\"wp-image-4109343\"  \/><figcaption class=\"wp-element-caption\">Dossel foliar de capim-Tamani (Panicum maximum cv. BRS Tamani) em pequenas parcelas. Foto: Allan Kardec Braga Ramos\/Embrapa Cerrados<br \/>\n<\/figcaption><\/figure>\n<p>Segundo Almeida, as cultivares mais indicadas de Panicum para tropa s\u00e3o:<\/p>\n<p>Essas tr\u00eas op\u00e7\u00f5es oferecem <strong>boa palatabilidade, qualidade nutricional<\/strong> e s\u00e3o adaptadas ao pastejo de cavalos. Elas tamb\u00e9m t\u00eam bom desempenho em diferentes regi\u00f5es do pa\u00eds, inclusive no Centro-Oeste.<\/p>\n<p>No entanto, \u00e9 importante entender que mesmo essas cultivares enfrentam limita\u00e7\u00f5es durante a seca.<\/p>\n<h2 class=\"wp-block-heading\" id=\"h-capim-milagroso-para-a-seca-nao-existe\">Capim milagroso para a seca? N\u00e3o existe!<\/h2>\n<figure class=\"wp-block-image size-large\"><img decoding=\"async\" width=\"1024\" height=\"576\" src=\"https:\/\/agromt.news\/wp-content\/uploads\/2025\/07\/1752016026_68_Panicum-resistente-para-cavalos-qual-a-melhor-opcao-alem-do.jpg\" alt=\"Cultivar Brasilisk, capim brachiaria ou braquiarinha, esp\u00e9cie de gram\u00ednea forrageira. Foto: Juliana Sussai\/Embrapa Pecu\u00e1ria Sudeste&#10;\" class=\"wp-image-4109344\"  \/><figcaption class=\"wp-element-caption\">Cultivar Brasilisk, capim brachiaria ou braquiarinha, esp\u00e9cie de gram\u00ednea forrageira. Foto: Juliana Sussai\/Embrapa Pecu\u00e1ria Sudeste<br \/>\n<\/figcaption><\/figure>\n<p>Josmar foi direto: <strong>n\u00e3o h\u00e1 capim milagroso<\/strong> que sustente bem a pastagem em pleno per\u00edodo de estiagem. E os motivos s\u00e3o conhecidos dos pecuaristas:<\/p>\n<\/div>\n<div>\n<ul class=\"wp-block-list\">\n<li><strong>Menos chuva<\/strong> no per\u00edodo seco;<\/li>\n<li><strong>Temperaturas mais baixas<\/strong>, que reduzem o crescimento das plantas;<\/li>\n<li><strong>Menos luz solar<\/strong> (fotoper\u00edodo), limitando a fotoss\u00edntese.<\/li>\n<\/ul>\n<p>Esses tr\u00eas fatores reduzem drasticamente a produ\u00e7\u00e3o de forragem. Uma \u00e1rea que sustenta de 2 a 3 unidades animal por hectare na \u00e9poca das \u00e1guas pode cair para <strong>1 ou at\u00e9 menos<\/strong> durante a seca.<\/p>\n<h2 class=\"wp-block-heading\" id=\"h-como-encarar-a-seca-sem-prejudicar-a-tropa\">Como encarar a seca sem prejudicar a tropa?<\/h2>\n<p>A solu\u00e7\u00e3o, segundo o especialista, n\u00e3o est\u00e1 apenas em escolher a cultivar correta, mas em <strong>planejar o sistema de produ\u00e7\u00e3o<\/strong>. Para isso, o criador deve:<\/p>\n<ol class=\"wp-block-list\">\n<li><strong>Reconhecer a queda na oferta de pasto<\/strong> no per\u00edodo seco;<\/li>\n<li><strong>Avaliar a necessidade de suplementa\u00e7\u00e3o<\/strong>, com feno ou silagem;<\/li>\n<li><strong>Reduzir a lota\u00e7\u00e3o animal<\/strong> temporariamente, vendendo parte da tropa, se necess\u00e1rio.<\/li>\n<\/ol>\n<p>Esse tipo de planejamento evita perda de escore corporal, mant\u00e9m a sa\u00fade dos cavalos e garante <strong>desempenho zoot\u00e9cnico adequado<\/strong>, mesmo nos meses mais secos.<\/p>\n<h2 class=\"wp-block-heading\" id=\"h-manejo-inteligente-garante-resultado-o-ano-todo\">Manejo inteligente garante resultado o ano todo<\/h2>\n<p>Ter boas cultivares de Panicum \u00e9 importante, mas o sucesso do sistema est\u00e1 no <strong>conjunto do manejo<\/strong>. Isso inclui planejamento forrageiro, suplementa\u00e7\u00e3o adequada e controle de lota\u00e7\u00e3o. E quando se trata de equinos, o cuidado deve ser ainda mais apurado.<\/p>\n<p>Com as orienta\u00e7\u00f5es corretas, como as que Josmar Almeida trouxe ao <em>Giro do Boi Responde<\/em>, \u00e9 poss\u00edvel <strong>garantir desempenho, bem-estar e produtividade<\/strong> da tropa \u2014 mesmo nos meses mais dif\u00edceis do ano.<\/p>\n<\/p><\/div>\n<p><br \/>\n<br \/><a href=\"https:\/\/www.canalrural.com.br\/pecuaria\/panicum-resistente-para-cavalos-qual-a-melhor-opcao-alem-do-tifton\/\">Source link <\/a><\/p>\n","protected":false},"excerpt":{"rendered":"<p>Escolher o pasto certo para cavalos pode fazer toda a diferen\u00e7a, principalmente quando o clima aperta. Quer otimizar a pastagem<\/p>\n","protected":false},"author":1,"featured_media":16402,"comment_status":"open","ping_status":"open","sticky":false,"template":"","format":"standard","meta":{"_monsterinsights_skip_tracking":false,"_monsterinsights_sitenote_active":false,"_monsterinsights_sitenote_note":"","_monsterinsights_sitenote_category":0,"_uf_show_specific_survey":0,"_uf_disable_surveys":false,"footnotes":""},"categories":[1],"tags":[],"class_list":["post-16401","post","type-post","status-publish","format-standard","has-post-thumbnail","hentry","category-news"],"_links":{"self":[{"href":"https:\/\/agromt.news\/index.php?rest_route=\/wp\/v2\/posts\/16401"}],"collection":[{"href":"https:\/\/agromt.news\/index.php?rest_route=\/wp\/v2\/posts"}],"about":[{"href":"https:\/\/agromt.news\/index.php?rest_route=\/wp\/v2\/types\/post"}],"author":[{"embeddable":true,"href":"https:\/\/agromt.news\/index.php?rest_route=\/wp\/v2\/users\/1"}],"replies":[{"embeddable":true,"href":"https:\/\/agromt.news\/index.php?rest_route=%2Fwp%2Fv2%2Fcomments&post=16401"}],"version-history":[{"count":0,"href":"https:\/\/agromt.news\/index.php?rest_route=\/wp\/v2\/posts\/16401\/revisions"}],"wp:featuredmedia":[{"embeddable":true,"href":"https:\/\/agromt.news\/index.php?rest_route=\/wp\/v2\/media\/16402"}],"wp:attachment":[{"href":"https:\/\/agromt.news\/index.php?rest_route=%2Fwp%2Fv2%2Fmedia&parent=16401"}],"wp:term":[{"taxonomy":"category","embeddable":true,"href":"https:\/\/agromt.news\/index.php?rest_route=%2Fwp%2Fv2%2Fcategories&post=16401"},{"taxonomy":"post_tag","embeddable":true,"href":"https:\/\/agromt.news\/index.php?rest_route=%2Fwp%2Fv2%2Ftags&post=16401"}],"curies":[{"name":"wp","href":"https:\/\/api.w.org\/{rel}","templated":true}]}}