{"id":16397,"date":"2025-07-08T17:39:08","date_gmt":"2025-07-08T21:39:08","guid":{"rendered":"https:\/\/agromt.news\/?p=16397"},"modified":"2025-07-08T17:39:08","modified_gmt":"2025-07-08T21:39:08","slug":"preco-da-cesta-basica-diminui-em-junho-mas-acumulado-do-ano-mostra-alta","status":"publish","type":"post","link":"https:\/\/agromt.news\/?p=16397","title":{"rendered":"Pre\u00e7o da cesta b\u00e1sica diminui em junho, mas acumulado do ano mostra alta"},"content":{"rendered":"<p> <br \/>\n<br \/><img decoding=\"async\" src=\"https:\/\/agromt.news\/wp-content\/uploads\/2025\/04\/Custo-da-cesta-basica-sobe-em-14-capitais-brasileiras-em.jpg\" \/><\/p>\n<div>\n<p>A Pesquisa Nacional da Cesta B\u00e1sica de Alimentos, feita pelo Departamento Intersindical de Estat\u00edstica e Estudos Socioecon\u00f4micos (Dieese), revelou que o custo da cesta b\u00e1sica diminuiu em 11 localidades e aumentou em seis capitais. O levantamento foi feito entre os meses de maio e junho.<\/p>\n<p>O estudo apontou que as maiores baixas foram em: <\/p>\n<ul class=\"wp-block-list\">\n<li>Aracaju (-3,84%);<\/li>\n<li>Bel\u00e9m (-2,39%);<\/li>\n<li>Goi\u00e2nia (-1,90%);<\/li>\n<li>S\u00e3o Paulo (-1,49%); e<\/li>\n<li>Natal (-1,25%) <\/li>\n<\/ul>\n<p>J\u00e1 as maiores altas foram registradas em Porto Alegre (1,50%) e Florian\u00f3polis (1,04%).<\/p>\n<p>Apesar de ter ca\u00eddo o custo, a cesta b\u00e1sica em S\u00e3o Paulo continua sendo a mais cara do pa\u00eds, com o valor de R$ 831,37. Na sequ\u00eancia est\u00e3o Florian\u00f3polis (R$ 867,83), Rio de Janeiro (R$ 843,27) e Porto Alegre (R$ 831,37).<\/p>\n<p>As capitais com os valores da cesta b\u00e1sica mais baixos, por\u00e9m com a composi\u00e7\u00e3o diferente de produtos e com menores valores m\u00e9dios, foram Aracaju (R$ 557,28), Salvador (R$ 623,85), Joao Pessoa (R$ 636,16) e Natal (R$ 636,95).<\/p>\n<h2 class=\"wp-block-heading\" id=\"h-aumento-de-precos\">Aumento de pre\u00e7os<\/h2>\n<p>Na compara\u00e7\u00e3o dos valores da cesta entre junho do ano passado e junho de 2025, quase todas as capitais tiveram aumentos de pre\u00e7o. Nesse caso, as varia\u00e7\u00f5es foram de 1,73% em Salvador e 9,39% no Recife. A redu\u00e7\u00e3o ocorreu apenas em Aracaju, com -0,83%.<\/p>\n<\/div>\n<div>\n<p>No acumulado do ano, entre dezembro de 2024 e junho de 2025, todas as capitais inclu\u00eddas na pesquisa mostraram alta nos pre\u00e7os da cesta, com \u00edndices que oscilaram, por exemplo, em mais 0,58% em Aracaju e 9,10% em Fortaleza.<\/p>\n<h2 class=\"wp-block-heading\" id=\"h-precos-dos-produtos\">Pre\u00e7os dos produtos<\/h2>\n<p>Entre os produtos que tiveram baixas est\u00e1 a batata, que diminuiu nas capitais do centro-sul nos meses de maio e junho. Em Belo Horizonte e Porto Alegre, por exemplo, as quedas ficaram em em -12,62% e -0,51%, respectivamente.<\/p>\n<p>O a\u00e7\u00facar, por sua vez, diminuiu em 12 cidades no per\u00edodo, ficando est\u00e1vel no Recife e aumentando em quatro capitais, sendo o mais alto em Campo Grande (1,75%). As maiores redu\u00e7\u00f5es no pre\u00e7o do a\u00e7\u00facar ocorreram em <strong><a href=\"https:\/\/www.canalrural.com.br\/nacional\/brasilia\/\">Bras\u00edlia<\/a><\/strong> (-5,43%), Vit\u00f3ria (-3,61%), Goi\u00e2nia (-3,27%) e Bel\u00e9m (-3,15%).<\/p>\n<p>No mesmo per\u00edodo aferido pela pesquisa do Dieese, o pre\u00e7o do leite integral diminuiu em 11 capitais, casos de Bras\u00edlia (-2,31%) e Curitiba (-0,65%). J\u00e1 em cinco cidades, os valores se elevaram, como aconteceu em Aracaju (2,11%). A maior alta foi no Recife (8,93%), sendo que em outras 12 houve retra\u00e7\u00e3o no pre\u00e7o m\u00e9dio do produto, com varia\u00e7\u00f5es, por exemplo, em Campo Grande (-7,99%) e S\u00e3o Paulo (-0,71%).<\/p>\n<p>O tomate aumentou em dez capitais entre maio e junho, sendo registradas varia\u00e7\u00f5es no Rio de Janeiro (0,29%) e Porto Alegre (16,90%). Em outras sete, o pre\u00e7o caiu, com a maior varia\u00e7\u00e3o em Aracaju (-21,43%).<\/p>\n<p>No per\u00edodo de 12 meses, o tomate baixou de pre\u00e7o em 16 capitais, sendo que o valor m\u00e9dio diminuiu, por exemplo, em Aracaju (-25,29%), Salvador (-19,72%) e no Rio de Janeiro (-14,48).<\/p>\n<\/p><\/div>\n<p><br \/>\n<br \/><a href=\"https:\/\/www.canalrural.com.br\/economia\/preco-da-cesta-basica-diminui-em-junho-mas-acumulado-do-ano-mostra-alta\/\">Source link <\/a><\/p>\n","protected":false},"excerpt":{"rendered":"<p>A Pesquisa Nacional da Cesta B\u00e1sica de Alimentos, feita pelo Departamento Intersindical de Estat\u00edstica e Estudos Socioecon\u00f4micos (Dieese), revelou que<\/p>\n","protected":false},"author":1,"featured_media":12123,"comment_status":"open","ping_status":"open","sticky":false,"template":"","format":"standard","meta":{"_monsterinsights_skip_tracking":false,"_monsterinsights_sitenote_active":false,"_monsterinsights_sitenote_note":"","_monsterinsights_sitenote_category":0,"_uf_show_specific_survey":0,"_uf_disable_surveys":false,"footnotes":""},"categories":[1],"tags":[],"class_list":["post-16397","post","type-post","status-publish","format-standard","has-post-thumbnail","hentry","category-news"],"_links":{"self":[{"href":"https:\/\/agromt.news\/index.php?rest_route=\/wp\/v2\/posts\/16397"}],"collection":[{"href":"https:\/\/agromt.news\/index.php?rest_route=\/wp\/v2\/posts"}],"about":[{"href":"https:\/\/agromt.news\/index.php?rest_route=\/wp\/v2\/types\/post"}],"author":[{"embeddable":true,"href":"https:\/\/agromt.news\/index.php?rest_route=\/wp\/v2\/users\/1"}],"replies":[{"embeddable":true,"href":"https:\/\/agromt.news\/index.php?rest_route=%2Fwp%2Fv2%2Fcomments&post=16397"}],"version-history":[{"count":0,"href":"https:\/\/agromt.news\/index.php?rest_route=\/wp\/v2\/posts\/16397\/revisions"}],"wp:featuredmedia":[{"embeddable":true,"href":"https:\/\/agromt.news\/index.php?rest_route=\/wp\/v2\/media\/12123"}],"wp:attachment":[{"href":"https:\/\/agromt.news\/index.php?rest_route=%2Fwp%2Fv2%2Fmedia&parent=16397"}],"wp:term":[{"taxonomy":"category","embeddable":true,"href":"https:\/\/agromt.news\/index.php?rest_route=%2Fwp%2Fv2%2Fcategories&post=16397"},{"taxonomy":"post_tag","embeddable":true,"href":"https:\/\/agromt.news\/index.php?rest_route=%2Fwp%2Fv2%2Ftags&post=16397"}],"curies":[{"name":"wp","href":"https:\/\/api.w.org\/{rel}","templated":true}]}}