{"id":16395,"date":"2025-07-08T17:25:15","date_gmt":"2025-07-08T21:25:15","guid":{"rendered":"https:\/\/agromt.news\/?p=16395"},"modified":"2025-07-08T17:25:15","modified_gmt":"2025-07-08T21:25:15","slug":"agro-baiano-bate-recorde-de-empregos-com-alta-de-509-em-maio","status":"publish","type":"post","link":"https:\/\/agromt.news\/?p=16395","title":{"rendered":"Agro baiano bate recorde de empregos com alta de 509% em maio"},"content":{"rendered":"<p> <br \/>\n<br \/><img decoding=\"async\" src=\"https:\/\/agromt.news\/wp-content\/uploads\/2025\/07\/Agro-baiano-bate-recorde-de-empregos-com-alta-de-509.jpeg\" \/><\/p>\n<div>\n<p>O <strong>setor agropecu\u00e1rio da Bahia<\/strong> alcan\u00e7ou em <strong>maio de 2025<\/strong> o <strong>maior n\u00famero de empregos formais ativos<\/strong> desde o in\u00edcio de 2024. Foram gerados<strong> 2.558 <\/strong>novos postos de trabalho com carteira assinada, resultado de <strong>8.756 admiss\u00f5es<\/strong> e 6.198 desligamentos.<\/p>\n<p>Os dados divulgados nesta ter\u00e7a-feira (8), foram extra\u00eddos do mais recente Relat\u00f3rio de Empregos no Agro do Sistema Faeb\/Senar. De acordo com documento, a alta de <strong>35,1% nas contrata\u00e7\u00f5es<\/strong> em rela\u00e7\u00e3o a abril e a <strong>queda de 10,9% nas demiss\u00f5es <\/strong>explicam o saldo positivo do m\u00eas. <\/p>\n<p>Comparando com maio de 2024, o crescimento do saldo foi ainda mais expressivo: <strong>509% de aumento<\/strong>. Com isso, os postos totais de empregos formais na agropecu\u00e1ria baiana chegaram a <strong>132.414 v\u00ednculos ativos<\/strong>, uma <strong>alta de 3,4%<\/strong> em doze meses.<\/p>\n<h2 class=\"wp-block-heading\" id=\"h-crescimento-de-vagas-em-2025\">Crescimento de vagas em 2025<\/h2>\n<p>De acordo com a Faeb, os dados confirmam a tend\u00eancia de recupera\u00e7\u00e3o e expans\u00e3o no mercado de trabalho do agro baiano observada desde o in\u00edcio do ano. <\/p>\n<p>Ap\u00f3s fechar 2024 com queda no n\u00famero de v\u00ednculos, atingindo 126,9 mil em dezembro, o setor iniciou 2025 em ritmo de alta, ultrapassando o patamar de 132 mil v\u00ednculos formais em maio, o maior da s\u00e9rie recente.<\/p>\n<p>Segundo a assessoria econ\u00f4mica do Sistema Faeb\/Senar, o comportamento segue padr\u00e3o sazonal, com picos nos meses de colheita e atividades intensificadas no campo. <\/p>\n<p>A expectativa \u00e9 de que os pr\u00f3ximos meses mantenham n\u00edveis elevados de contrata\u00e7\u00f5es, especialmente com a finaliza\u00e7\u00e3o da colheita da soja e o avan\u00e7o de culturas como frutas, algod\u00e3o e caf\u00e9 \u2013 que vive momento de alta nas exporta\u00e7\u00f5es.<\/p>\n<\/div>\n<div>\n<h2 class=\"wp-block-heading\" id=\"h-geracao-de-empregos-por-cadeia-produtiva\">Gera\u00e7\u00e3o de empregos por cadeia produtiva<\/h2>\n<p>As atividades com maior saldo de emprego formal em maio foram:<\/p>\n<ul class=\"wp-block-list\">\n<li>Cultivo do caf\u00e9: 636 novos postos;<\/li>\n<li>Fruticultura (exceto laranja e uva): 507 novos postos;<\/li>\n<li>Cultivo do algod\u00e3o: 345 novos postos;<\/li>\n<li>Cana-de-a\u00e7\u00facar: 342 novos postos;<\/li>\n<li>Atividades de apoio \u00e0 agricultura (como preparo de solo e irriga\u00e7\u00e3o): 314 novos postos.<\/li>\n<\/ul>\n<p>Segundo o Sistema Faeb\/Senar, os dados apresentados integram o relat\u00f3rio mensal da assessoria econ\u00f4mica da entidade, elaborado com base nas informa\u00e7\u00f5es do Novo Caged (Cadastro Geral de Empregados e Desempregados). <\/p>\n<p>O levantamento acompanha de forma sistem\u00e1tica o comportamento do mercado de trabalho formal no setor agropecu\u00e1rio baiano, com recortes por munic\u00edpio, segmento produtivo e varia\u00e7\u00e3o hist\u00f3rica.<\/p>\n<hr class=\"wp-block-separator has-alpha-channel-opacity\"\/>\n<p><em>Voc\u00ea tamb\u00e9m pode participar deixando uma sugest\u00e3o de pauta. Siga o\u00a0<a href=\"https:\/\/www.instagram.com\/canalruralbahia\/\">Canal Rural Bahia no Instagram<\/a>\u00a0e nos envie uma mensagem<\/em>.<\/p>\n<\/p><\/div>\n<p><script async src=\"\/\/www.instagram.com\/embed.js\"><\/script><br \/>\n<br \/><br \/>\n<br \/><a href=\"https:\/\/www.canalrural.com.br\/nacional\/bahia\/agro-baiano-bate-recorde-de-empregos-com-alta-de-509-em-maio\/\">Source link <\/a><\/p>\n","protected":false},"excerpt":{"rendered":"<p>O setor agropecu\u00e1rio da Bahia alcan\u00e7ou em maio de 2025 o maior n\u00famero de empregos formais ativos desde o in\u00edcio<\/p>\n","protected":false},"author":1,"featured_media":16396,"comment_status":"open","ping_status":"open","sticky":false,"template":"","format":"standard","meta":{"_monsterinsights_skip_tracking":false,"_monsterinsights_sitenote_active":false,"_monsterinsights_sitenote_note":"","_monsterinsights_sitenote_category":0,"_uf_show_specific_survey":0,"_uf_disable_surveys":false,"footnotes":""},"categories":[1],"tags":[],"class_list":["post-16395","post","type-post","status-publish","format-standard","has-post-thumbnail","hentry","category-news"],"_links":{"self":[{"href":"https:\/\/agromt.news\/index.php?rest_route=\/wp\/v2\/posts\/16395"}],"collection":[{"href":"https:\/\/agromt.news\/index.php?rest_route=\/wp\/v2\/posts"}],"about":[{"href":"https:\/\/agromt.news\/index.php?rest_route=\/wp\/v2\/types\/post"}],"author":[{"embeddable":true,"href":"https:\/\/agromt.news\/index.php?rest_route=\/wp\/v2\/users\/1"}],"replies":[{"embeddable":true,"href":"https:\/\/agromt.news\/index.php?rest_route=%2Fwp%2Fv2%2Fcomments&post=16395"}],"version-history":[{"count":0,"href":"https:\/\/agromt.news\/index.php?rest_route=\/wp\/v2\/posts\/16395\/revisions"}],"wp:featuredmedia":[{"embeddable":true,"href":"https:\/\/agromt.news\/index.php?rest_route=\/wp\/v2\/media\/16396"}],"wp:attachment":[{"href":"https:\/\/agromt.news\/index.php?rest_route=%2Fwp%2Fv2%2Fmedia&parent=16395"}],"wp:term":[{"taxonomy":"category","embeddable":true,"href":"https:\/\/agromt.news\/index.php?rest_route=%2Fwp%2Fv2%2Fcategories&post=16395"},{"taxonomy":"post_tag","embeddable":true,"href":"https:\/\/agromt.news\/index.php?rest_route=%2Fwp%2Fv2%2Ftags&post=16395"}],"curies":[{"name":"wp","href":"https:\/\/api.w.org\/{rel}","templated":true}]}}