{"id":16390,"date":"2025-07-08T16:12:32","date_gmt":"2025-07-08T20:12:32","guid":{"rendered":"https:\/\/agromt.news\/?p=16390"},"modified":"2025-07-08T16:12:32","modified_gmt":"2025-07-08T20:12:32","slug":"sul-fecha-1o-semestre-com-diesel-mais-barato-do-pais","status":"publish","type":"post","link":"https:\/\/agromt.news\/?p=16390","title":{"rendered":"Sul fecha 1\u00ba semestre com diesel mais barato do Pa\u00eds"},"content":{"rendered":"<p> <br \/>\n<\/p>\n<div>\n<div class=\"row\">\n<div class=\"col-lg col-infos mt-0 mt-lg-0\">\n<div class=\"section-sub-title\">\n<p itemprop=\"description\">&#13;<br \/>\n                                O IPTL \u00e9 considerado uma refer\u00eancia no setor &#13;\n                            <\/p>\n<\/p><\/div>\n<div class=\"container\">\n<div class=\"row\">\n<div class=\"col-lg p-0\">\n<div>\n<div class=\"block-news-main-infos mt-3 text-start\">\n<p>                                            <strong class=\"fn\" itemprop=\"author\" style=\"color: rgb(112, 112, 112); \">&#13;<br \/>\n                                                <a href=\"https:\/\/www.agrolink.com.br\/noticias\/javascript:;\" class=\"text-uppercase\" target=\"_blank\" style=\"color: rgb(112, 112, 112); \" rel=\"noopener\">Agrolink<\/a>&#13;<br \/>\n&#13;<br \/>\n                                                    &#8211; Leonardo Gottems&#13;<br \/>\n&#13;<br \/>\n                                            <\/strong><br \/>\n                                        <\/p>\n<p>                                            <abbr><time datetime=\"2025-07-08T07:00\" itemprop=\"datePublished dateModified\">Publicado em 08\/07\/2025 \u00e0s 07:00h.<\/time><\/abbr><br \/>\n                                            <\/p><\/div>\n<\/p><\/div>\n<\/p><\/div>\n<div class=\"col-lg p-0 text-lg-end\">\n<div>\n<div id=\"mdEnviarPagina\" class=\"modal fade\" role=\"dialog\">\n<div class=\"modal-dialog\">\n<div class=\"modal-content\">\n<div class=\"modal-body\">\n<p><strong>Estimado usu\u00e1rio.<\/strong><br \/>Preencha o formul\u00e1rio abaixo para remeter a p\u00e1gina.<\/p>\n<\/p><\/div>\n<\/p><\/div>\n<\/p><\/div>\n<\/div><\/div>\n<\/p><\/div>\n<\/p><\/div>\n<\/p><\/div>\n<\/p><\/div>\n<\/p><\/div>\n<div class=\"row justify-content-md-center mt-3\">\n<div class=\"col-lg-auto col-image block-news-main-image\">\n<p>                                <img decoding=\"async\" src=\"https:\/\/www.agrolink.com.br\/upload\/imagens-resizes\/92d3ef20f03543bab83ffb4d08628e5e_858x483.jpg\" class=\"lazyload img-fluid\" alt=\"O IPTL \u00e9 considerado uma refer\u00eancia no setor \"\/><br \/>\n                                                <span class=\"d-block mt-1\">O IPTL \u00e9 considerado uma refer\u00eancia no setor  &#8211; Foto: Pixabay<\/span><\/p><\/div>\n<\/p><\/div>\n<div class=\"section-description section-description-noticias mt-3\">\n<p>O Sul do Brasil encerrou o primeiro semestre de 2025 com os pre\u00e7os m\u00e9dios mais baixos do Pa\u00eds para o diesel, segundo dados do \u00cdndice de Pre\u00e7os Edenred Ticket Log (IPTL). Em junho, o diesel comum foi comercializado a R\\$ 5,94 e o S-10 a R\\$ 5,97, ap\u00f3s quedas de 1% e 1,32%, respectivamente. Esses foram os menores valores m\u00e9dios registrados entre todas as regi\u00f5es brasileiras.&#13;\n<\/p>\n<p>De acordo com o levantamento, que considera transa\u00e7\u00f5es em 21 mil postos credenciados da Edenred Ticket Log, os pre\u00e7os de todos os combust\u00edveis ca\u00edram na Regi\u00e3o Sul na compara\u00e7\u00e3o com maio. A gasolina teve redu\u00e7\u00e3o de 1,25%, sendo vendida, em m\u00e9dia, a R\\$ 6,34 \u2014 a maior retra\u00e7\u00e3o nacional no per\u00edodo. J\u00e1 o etanol teve queda de 1,28% e foi encontrado a R\\$ 4,61.<\/p>\n<p>Renato Mascarenhas, diretor da Edenred Mobilidade, alerta que a escolha do combust\u00edvel mais vantajoso depende do estado. \u201cApesar da tend\u00eancia de queda nos pre\u00e7os em toda a Regi\u00e3o Sul, o motorista precisa estar atento, pois a escolha do combust\u00edvel mais econ\u00f4mico varia de um estado para o outro. Os dados do IPTL mostram que, enquanto o etanol foi a op\u00e7\u00e3o mais vantajosa no Paran\u00e1, a gasolina se mostrou mais competitiva para os consumidores de Santa Catarina e do Rio Grande do Sul. \u00c9 importante ressaltar, por\u00e9m, que o etanol traz menor impacto ambiental em compara\u00e7\u00e3o \u00e0 gasolina\u201d, destaca.&#13;\n<\/p>\n<p>O IPTL \u00e9 considerado uma refer\u00eancia no setor por sua precis\u00e3o e abrang\u00eancia, apoiado na gest\u00e3o de 1 milh\u00e3o de ve\u00edculos e m\u00e9dia de oito transa\u00e7\u00f5es por segundo. A Edenred Ticket Log, com mais de 30 anos de atua\u00e7\u00e3o, oferece solu\u00e7\u00f5es inteligentes e sustent\u00e1veis para mobilidade corporativa.<\/p>\n<\/p><\/div>\n<\/p><\/div>\n<p><script data-cfasync=\"false\">\n    !function (f, b, e, v, n, t, s) {\n        if (f.fbq) return; n = f.fbq = function () {\n            n.callMethod ?\n                n.callMethod.apply(n, arguments) : n.queue.push(arguments)\n        };\n        if (!f._fbq) f._fbq = n; n.push = n; n.loaded = !0; n.version = '2.0';\n        n.queue = []; t = b.createElement(e); t.async = !0;\n        t.src = v; s = b.getElementsByTagName(e)[0];\n        s.parentNode.insertBefore(t, s)\n    }(window, document, 'script',\n        'https:\/\/connect.facebook.net\/en_US\/fbevents.js');\n    fbq('init', '522546078623747');\n    fbq('track', 'PageView');\n<\/script><br \/>\n<br \/><br \/>\n<br \/><a href=\"https:\/\/www.agrolink.com.br\/noticias\/sul-fecha-1--semestre-com-diesel-mais-barato-do-pais_503674.html\">Source link <\/a><\/p>\n","protected":false},"excerpt":{"rendered":"<p>&#13; O IPTL \u00e9 considerado uma refer\u00eancia no setor &#13; &#13; Agrolink&#13; &#13; &#8211; Leonardo Gottems&#13; &#13; Publicado em 08\/07\/2025<\/p>\n","protected":false},"author":1,"featured_media":1175,"comment_status":"open","ping_status":"open","sticky":false,"template":"","format":"standard","meta":{"_monsterinsights_skip_tracking":false,"_monsterinsights_sitenote_active":false,"_monsterinsights_sitenote_note":"","_monsterinsights_sitenote_category":0,"_uf_show_specific_survey":0,"_uf_disable_surveys":false,"footnotes":""},"categories":[8,1,14],"tags":[],"class_list":["post-16390","post","type-post","status-publish","format-standard","has-post-thumbnail","hentry","category-agro","category-news","category-politica-agro"],"_links":{"self":[{"href":"https:\/\/agromt.news\/index.php?rest_route=\/wp\/v2\/posts\/16390"}],"collection":[{"href":"https:\/\/agromt.news\/index.php?rest_route=\/wp\/v2\/posts"}],"about":[{"href":"https:\/\/agromt.news\/index.php?rest_route=\/wp\/v2\/types\/post"}],"author":[{"embeddable":true,"href":"https:\/\/agromt.news\/index.php?rest_route=\/wp\/v2\/users\/1"}],"replies":[{"embeddable":true,"href":"https:\/\/agromt.news\/index.php?rest_route=%2Fwp%2Fv2%2Fcomments&post=16390"}],"version-history":[{"count":0,"href":"https:\/\/agromt.news\/index.php?rest_route=\/wp\/v2\/posts\/16390\/revisions"}],"wp:featuredmedia":[{"embeddable":true,"href":"https:\/\/agromt.news\/index.php?rest_route=\/wp\/v2\/media\/1175"}],"wp:attachment":[{"href":"https:\/\/agromt.news\/index.php?rest_route=%2Fwp%2Fv2%2Fmedia&parent=16390"}],"wp:term":[{"taxonomy":"category","embeddable":true,"href":"https:\/\/agromt.news\/index.php?rest_route=%2Fwp%2Fv2%2Fcategories&post=16390"},{"taxonomy":"post_tag","embeddable":true,"href":"https:\/\/agromt.news\/index.php?rest_route=%2Fwp%2Fv2%2Ftags&post=16390"}],"curies":[{"name":"wp","href":"https:\/\/api.w.org\/{rel}","templated":true}]}}