{"id":16388,"date":"2025-07-08T15:58:19","date_gmt":"2025-07-08T19:58:19","guid":{"rendered":"https:\/\/agromt.news\/?p=16388"},"modified":"2025-07-08T15:58:19","modified_gmt":"2025-07-08T19:58:19","slug":"curto-circuito-mata-32-vacas-no-interior-do-parana","status":"publish","type":"post","link":"https:\/\/agromt.news\/?p=16388","title":{"rendered":"Curto-circuito mata 32 vacas no interior do Paran\u00e1"},"content":{"rendered":"<p> <br \/>\n<br \/><img decoding=\"async\" src=\"https:\/\/agromt.news\/wp-content\/uploads\/2025\/07\/Curto-circuito-mata-32-vacas-no-interior-do-Parana.jpg\" \/><\/p>\n<div>\n<p>O produtor Edenir Zeahrsfass, de Marechal C\u00e2ndido Rondon, oeste do <strong><a href=\"https:\/\/www.canalrural.com.br\/nacional\/parana\/\">Paran\u00e1<\/a><\/strong>, levou um susto na noite desta segunda-feira (7). Um curto-circuito no canzil \u2014 estrutura de ferro para confinamento individual de animais durante a alimenta\u00e7\u00e3o e manejo \u2014 eletrocutou e matou 32 vacas de sua propriedade.<\/p>\n<p>O preju\u00edzo \u00e9 estimado entre R$ 500 mil e R$ 600 mil. No v\u00eddeo abaixo, em imagens registradas nesta ter\u00e7a-feira (8), o pecuarista lamenta a perda, que causou grande como\u00e7\u00e3o na comunidade local e o emocionou profundamente. <\/p>\n<\/div>\n<div>\n<p>De acordo com ele, uma das vacas teria mordido a tomada que aciona o canzil, causando o curto-circuito que eletrocutou o rebanho.<\/p>\n<p><iframe title=\"Curto-circuito mata 32 vacas no interior do Paran\u00e1\" width=\"800\" height=\"450\" src=\"https:\/\/www.youtube.com\/embed\/ovOzYZVZ9zM?feature=oembed\" frameborder=\"0\" allow=\"accelerometer; autoplay; clipboard-write; encrypted-media; gyroscope; picture-in-picture; web-share\" referrerpolicy=\"strict-origin-when-cross-origin\" allowfullscreen><\/iframe>\n\t<\/div>\n<p><br \/>\n<br \/><a href=\"https:\/\/www.canalrural.com.br\/nacional\/parana\/video-curto-circuito-mata-32-vacas-no-interior-do-parana\/\">Source link <\/a><\/p>\n","protected":false},"excerpt":{"rendered":"<p>O produtor Edenir Zeahrsfass, de Marechal C\u00e2ndido Rondon, oeste do Paran\u00e1, levou um susto na noite desta segunda-feira (7). Um<\/p>\n","protected":false},"author":1,"featured_media":16389,"comment_status":"open","ping_status":"open","sticky":false,"template":"","format":"standard","meta":{"_monsterinsights_skip_tracking":false,"_monsterinsights_sitenote_active":false,"_monsterinsights_sitenote_note":"","_monsterinsights_sitenote_category":0,"_uf_show_specific_survey":0,"_uf_disable_surveys":false,"footnotes":""},"categories":[1],"tags":[],"class_list":["post-16388","post","type-post","status-publish","format-standard","has-post-thumbnail","hentry","category-news"],"_links":{"self":[{"href":"https:\/\/agromt.news\/index.php?rest_route=\/wp\/v2\/posts\/16388"}],"collection":[{"href":"https:\/\/agromt.news\/index.php?rest_route=\/wp\/v2\/posts"}],"about":[{"href":"https:\/\/agromt.news\/index.php?rest_route=\/wp\/v2\/types\/post"}],"author":[{"embeddable":true,"href":"https:\/\/agromt.news\/index.php?rest_route=\/wp\/v2\/users\/1"}],"replies":[{"embeddable":true,"href":"https:\/\/agromt.news\/index.php?rest_route=%2Fwp%2Fv2%2Fcomments&post=16388"}],"version-history":[{"count":0,"href":"https:\/\/agromt.news\/index.php?rest_route=\/wp\/v2\/posts\/16388\/revisions"}],"wp:featuredmedia":[{"embeddable":true,"href":"https:\/\/agromt.news\/index.php?rest_route=\/wp\/v2\/media\/16389"}],"wp:attachment":[{"href":"https:\/\/agromt.news\/index.php?rest_route=%2Fwp%2Fv2%2Fmedia&parent=16388"}],"wp:term":[{"taxonomy":"category","embeddable":true,"href":"https:\/\/agromt.news\/index.php?rest_route=%2Fwp%2Fv2%2Fcategories&post=16388"},{"taxonomy":"post_tag","embeddable":true,"href":"https:\/\/agromt.news\/index.php?rest_route=%2Fwp%2Fv2%2Ftags&post=16388"}],"curies":[{"name":"wp","href":"https:\/\/api.w.org\/{rel}","templated":true}]}}