{"id":16383,"date":"2025-07-08T15:15:56","date_gmt":"2025-07-08T19:15:56","guid":{"rendered":"https:\/\/agromt.news\/?p=16383"},"modified":"2025-07-08T15:15:56","modified_gmt":"2025-07-08T19:15:56","slug":"estimativa-de-producao-de-trigo-e-cortada-em-105-por-consultoria","status":"publish","type":"post","link":"https:\/\/agromt.news\/?p=16383","title":{"rendered":"Estimativa de produ\u00e7\u00e3o de trigo \u00e9 cortada em 10,5% por consultoria"},"content":{"rendered":"<p> <br \/>\n<br \/><img decoding=\"async\" src=\"https:\/\/agromt.news\/wp-content\/uploads\/2025\/02\/Movimentacao-brasileira-de-trigo-no-1o-bimestre-de-2025-e.jpg\" \/><\/p>\n<div>\n<p>A safra 2025\/26 de trigo no Brasil foi reduzida em 10,5% pela StoneX em balan\u00e7o divulgado nesta ter\u00e7a-feira (8). Assim, a produ\u00e7\u00e3o agora \u00e9 estimada em 6,9 milh\u00f5es de toneladas, ao passo que o relat\u00f3rio do in\u00edcio de junho apontava colheita de 7,59 milh\u00f5es de toneladas.<\/p>\n<p>De acordo com a empresa, a diminui\u00e7\u00e3o se deve a cortes da \u00e1rea plantada nos estados do <strong><a href=\"https:\/\/www.canalrural.com.br\/nacional\/parana\/\">Paran\u00e1<\/a><\/strong> e do <strong><a href=\"https:\/\/www.canalrural.com.br\/nacional\/rio-grande-do-sul\/\">Rio Grande do Sul<\/a><\/strong>.<\/p>\n<p>Segundo o consultor em gerenciamento de riscos da StoneX Jonathan Pinheiro, os principais motivos para a redu\u00e7\u00e3o de \u00e1rea em territ\u00f3rio paranaense est\u00e3o relacionados a frustra\u00e7\u00f5es ao longo das \u00faltimas safras, dificuldade de acesso ao cr\u00e9dito agr\u00edcola e tamb\u00e9m \u00e0 perda de \u00e1rea para o milho safrinha.<\/p>\n<p>\u201cApesar da expressiva redu\u00e7\u00e3o na \u00e1rea plantada do estado, ainda se estima que a produ\u00e7\u00e3o seja superior \u00e0 do \u00faltimo ano, devido aos ganhos de produtividade no comparativo anual\u201d, pontua.<\/p>\n<p>J\u00e1 no Rio Grande do Sul, al\u00e9m dos fatores que afetam o Paran\u00e1, os agricultores ainda lidam com agravantes clim\u00e1ticos. Segundo Pinheiro, houve perdas na safra de ver\u00e3o, o que reduziu sua capacidade de investimentos. <\/p>\n<\/div>\n<div>\n<p>Al\u00e9m disso, grandes volumes de chuva voltaram a atingir o estado, provocando novos alagamentos. \u201cAt\u00e9 o momento, n\u00e3o h\u00e1 grandes preju\u00edzos, mas a elevada umidade no solo segue atrasando o plantio, cada vez mais perto do fim da janela ideal\u201d, destaca.<\/p>\n<h2 class=\"wp-block-heading\" id=\"h-aumento-nas-importacoes-de-trigo\">Aumento nas importa\u00e7\u00f5es de trigo<\/h2>\n<p>A expectativa de uma produ\u00e7\u00e3o menor de trigo para a safra 2025\/26 levou \u00e0 necessidade de ajustes nas importa\u00e7\u00f5es. Conforme Pinheiro, com uma queda da produ\u00e7\u00e3o de 10,5%, projeta-se um aumento de <strong>4,2%<\/strong> nas importa\u00e7\u00f5es, em compara\u00e7\u00e3o \u00e0 previs\u00e3o divulgada em junho, como forma de suprir a demanda interna.<\/p>\n<p>\u201cAinda nesse contexto, a expectativa \u00e9 de que o ano seja favor\u00e1vel para compras no mercado externo, devido aos grandes volumes de estoques de passagem na Argentina, o que deve contribuir para elevada oferta no pa\u00eds sul-americano e, consequentemente, cota\u00e7\u00f5es mais pressionadas nos portos argentinos\u201d, real\u00e7a.<\/p>\n<p>Somado a isso, espera-se que o volume exportado de trigo sofra uma redu\u00e7\u00e3o consider\u00e1vel em rela\u00e7\u00e3o ao ciclo comercial anterior, com um corte previsto de 26,3%. <\/p>\n<p>\u201cDiante dessa conjuntura, o balan\u00e7o deve ficar mais apertado na safra 2024\/25, com queda estimada em 41,3% para os estoques finais, no comparativo anual\u201d, finaliza o consultor da StoneX.<\/p>\n<\/p><\/div>\n<p><br \/>\n<br \/><a href=\"https:\/\/www.canalrural.com.br\/agricultura\/estimativa-de-producao-de-trigo-e-cortada-em-105-por-consultoria\/\">Source link <\/a><\/p>\n","protected":false},"excerpt":{"rendered":"<p>A safra 2025\/26 de trigo no Brasil foi reduzida em 10,5% pela StoneX em balan\u00e7o divulgado nesta ter\u00e7a-feira (8). Assim,<\/p>\n","protected":false},"author":1,"featured_media":9988,"comment_status":"open","ping_status":"open","sticky":false,"template":"","format":"standard","meta":{"_monsterinsights_skip_tracking":false,"_monsterinsights_sitenote_active":false,"_monsterinsights_sitenote_note":"","_monsterinsights_sitenote_category":0,"_uf_show_specific_survey":0,"_uf_disable_surveys":false,"footnotes":""},"categories":[1],"tags":[],"class_list":["post-16383","post","type-post","status-publish","format-standard","has-post-thumbnail","hentry","category-news"],"_links":{"self":[{"href":"https:\/\/agromt.news\/index.php?rest_route=\/wp\/v2\/posts\/16383"}],"collection":[{"href":"https:\/\/agromt.news\/index.php?rest_route=\/wp\/v2\/posts"}],"about":[{"href":"https:\/\/agromt.news\/index.php?rest_route=\/wp\/v2\/types\/post"}],"author":[{"embeddable":true,"href":"https:\/\/agromt.news\/index.php?rest_route=\/wp\/v2\/users\/1"}],"replies":[{"embeddable":true,"href":"https:\/\/agromt.news\/index.php?rest_route=%2Fwp%2Fv2%2Fcomments&post=16383"}],"version-history":[{"count":0,"href":"https:\/\/agromt.news\/index.php?rest_route=\/wp\/v2\/posts\/16383\/revisions"}],"wp:featuredmedia":[{"embeddable":true,"href":"https:\/\/agromt.news\/index.php?rest_route=\/wp\/v2\/media\/9988"}],"wp:attachment":[{"href":"https:\/\/agromt.news\/index.php?rest_route=%2Fwp%2Fv2%2Fmedia&parent=16383"}],"wp:term":[{"taxonomy":"category","embeddable":true,"href":"https:\/\/agromt.news\/index.php?rest_route=%2Fwp%2Fv2%2Fcategories&post=16383"},{"taxonomy":"post_tag","embeddable":true,"href":"https:\/\/agromt.news\/index.php?rest_route=%2Fwp%2Fv2%2Ftags&post=16383"}],"curies":[{"name":"wp","href":"https:\/\/api.w.org\/{rel}","templated":true}]}}