{"id":16378,"date":"2025-07-08T14:12:46","date_gmt":"2025-07-08T18:12:46","guid":{"rendered":"https:\/\/agromt.news\/?p=16378"},"modified":"2025-07-08T14:12:46","modified_gmt":"2025-07-08T18:12:46","slug":"plano-safra-fortalece-a-mecanizacao-da-agricultura-familiar","status":"publish","type":"post","link":"https:\/\/agromt.news\/?p=16378","title":{"rendered":"Plano Safra fortalece a mecaniza\u00e7\u00e3o da agricultura familiar"},"content":{"rendered":"<p> <br \/>\n<\/p>\n<div>\n<div class=\"row\">\n<div class=\"col-lg col-infos mt-0 mt-lg-0\">\n<div class=\"section-sub-title\">\n<p itemprop=\"description\">&#13;<br \/>\n                                Pequenos agricultores t\u00eam mais chance de investir &#13;\n                            <\/p>\n<\/p><\/div>\n<div class=\"container\">\n<div class=\"row\">\n<div class=\"col-lg p-0\">\n<div>\n<div class=\"block-news-main-infos mt-3 text-start\">\n<p>                                            <strong class=\"fn\" itemprop=\"author\" style=\"color: rgb(112, 112, 112); \">&#13;<br \/>\n                                                <a href=\"https:\/\/www.agrolink.com.br\/noticias\/javascript:;\" class=\"text-uppercase\" target=\"_blank\" style=\"color: rgb(112, 112, 112); \" rel=\"noopener\">Agrolink<\/a>&#13;<br \/>\n&#13;<br \/>\n                                                    &#8211; Leonardo Gottems&#13;<br \/>\n&#13;<br \/>\n                                            <\/strong><br \/>\n                                        <\/p>\n<p>                                            <abbr><time datetime=\"2025-07-08T07:04\" itemprop=\"datePublished dateModified\">Publicado em 08\/07\/2025 \u00e0s 07:04h.<\/time><\/abbr><br \/>\n                                            <\/p><\/div>\n<\/p><\/div>\n<\/p><\/div>\n<div class=\"col-lg p-0 text-lg-end\">\n<div>\n<div id=\"mdEnviarPagina\" class=\"modal fade\" role=\"dialog\">\n<div class=\"modal-dialog\">\n<div class=\"modal-content\">\n<div class=\"modal-body\">\n<p><strong>Estimado usu\u00e1rio.<\/strong><br \/>Preencha o formul\u00e1rio abaixo para remeter a p\u00e1gina.<\/p>\n<\/p><\/div>\n<\/p><\/div>\n<\/p><\/div>\n<\/div><\/div>\n<\/p><\/div>\n<\/p><\/div>\n<\/p><\/div>\n<\/p><\/div>\n<\/p><\/div>\n<div class=\"row justify-content-md-center mt-3\">\n<div class=\"col-lg-auto col-image block-news-main-image\">\n<p>                                <img decoding=\"async\" src=\"https:\/\/www.agrolink.com.br\/upload\/imagens-resizes\/d877310fba3c4e9d9ff87f79e887f854_858x483.jpg\" class=\"lazyload img-fluid\" alt=\"Pequenos agricultores t\u00eam mais chance de investir \"\/><br \/>\n                                                <span class=\"d-block mt-1\">Pequenos agricultores t\u00eam mais chance de investir  &#8211; Foto: Canva<\/span><\/p><\/div>\n<\/p><\/div>\n<div class=\"section-description section-description-noticias mt-3\">\n<p>O novo Plano Safra 2025\/2026 chega com um impulso decisivo para a agricultura familiar brasileira. Com mais de R$ 78 bilh\u00f5es destinados ao Programa Nacional de Fortalecimento da Agricultura Familiar (Pronaf), o governo aposta em juros subsidiados e na promo\u00e7\u00e3o de tecnologia, inova\u00e7\u00e3o e conectividade nas propriedades rurais como ferramentas-chave para o desenvolvimento sustent\u00e1vel do setor.&#13;\n<\/p>\n<p>Apesar da atual taxa Selic em 15% ao ano, os financiamentos direcionados aos pequenos produtores mant\u00eam taxas est\u00e1veis e, em alguns casos, at\u00e9 reduzidas. Essa pol\u00edtica, de certa forma, ajuda com\u00a0a democratiza\u00e7\u00e3o do acesso \u00e0 mecaniza\u00e7\u00e3o, permitindo que agricultores familiares invistam em equipamentos e infraestrutura sem comprometer sua capacidade financeira.<\/p>\n<p>Segundo Welinton Silva, coordenador de Desenvolvimento de Rede da YANMAR South America, a procura por m\u00e1quinas agr\u00edcolas cresceu 24% em compara\u00e7\u00e3o ao ano passado. \u201cMais de 75% do nosso portf\u00f3lio agr\u00edcola \u00e9 voltado para o p\u00fablico pronafiano, e essa atualiza\u00e7\u00e3o do Plano Safra chega em um momento decisivo\u201d, destaca. Ele cita os financiamentos com taxa de 2,5% ao ano para produtos at\u00e9 R$ 100 mil como um exemplo de incentivo direto \u00e0 mecaniza\u00e7\u00e3o no campo.&#13;\n<\/p>\n<p>A YANMAR, que tem forte atua\u00e7\u00e3o junto \u00e0 agricultura familiar, v\u00ea nesta nova configura\u00e7\u00e3o do Plano Safra uma oportunidade para ampliar o acesso a modelos como o trator compacto Solis 26. Com condi\u00e7\u00f5es facilitadas, agricultores podem adquirir equipamentos modernos, eficientes e adaptados \u00e0s suas necessidades produtivas.<\/p>\n<p>Mais do que um programa de cr\u00e9dito, o Plano Safra 2025\/2026 representa um passo estrat\u00e9gico rumo \u00e0 transforma\u00e7\u00e3o tecnol\u00f3gica e sustent\u00e1vel da agricultura familiar, consolidando-se como um motor de inclus\u00e3o e progresso para o campo brasileiro.<br \/>&#13;<br \/>\n\u00a0<\/p>\n<\/p><\/div>\n<\/p><\/div>\n<p><script data-cfasync=\"false\">\n    !function (f, b, e, v, n, t, s) {\n        if (f.fbq) return; n = f.fbq = function () {\n            n.callMethod ?\n                n.callMethod.apply(n, arguments) : n.queue.push(arguments)\n        };\n        if (!f._fbq) f._fbq = n; n.push = n; n.loaded = !0; n.version = '2.0';\n        n.queue = []; t = b.createElement(e); t.async = !0;\n        t.src = v; s = b.getElementsByTagName(e)[0];\n        s.parentNode.insertBefore(t, s)\n    }(window, document, 'script',\n        'https:\/\/connect.facebook.net\/en_US\/fbevents.js');\n    fbq('init', '522546078623747');\n    fbq('track', 'PageView');\n<\/script><br \/>\n<br \/><br \/>\n<br \/><a href=\"https:\/\/www.agrolink.com.br\/noticias\/plano-safra-fortalece-a-mecanizacao-da-agricultura-familiar_503675.html\">Source link <\/a><\/p>\n","protected":false},"excerpt":{"rendered":"<p>&#13; Pequenos agricultores t\u00eam mais chance de investir &#13; &#13; Agrolink&#13; &#13; &#8211; Leonardo Gottems&#13; &#13; Publicado em 08\/07\/2025 \u00e0s<\/p>\n","protected":false},"author":1,"featured_media":16379,"comment_status":"open","ping_status":"open","sticky":false,"template":"","format":"standard","meta":{"_monsterinsights_skip_tracking":false,"_monsterinsights_sitenote_active":false,"_monsterinsights_sitenote_note":"","_monsterinsights_sitenote_category":0,"_uf_show_specific_survey":0,"_uf_disable_surveys":false,"footnotes":""},"categories":[8,1,14],"tags":[],"class_list":["post-16378","post","type-post","status-publish","format-standard","has-post-thumbnail","hentry","category-agro","category-news","category-politica-agro"],"_links":{"self":[{"href":"https:\/\/agromt.news\/index.php?rest_route=\/wp\/v2\/posts\/16378"}],"collection":[{"href":"https:\/\/agromt.news\/index.php?rest_route=\/wp\/v2\/posts"}],"about":[{"href":"https:\/\/agromt.news\/index.php?rest_route=\/wp\/v2\/types\/post"}],"author":[{"embeddable":true,"href":"https:\/\/agromt.news\/index.php?rest_route=\/wp\/v2\/users\/1"}],"replies":[{"embeddable":true,"href":"https:\/\/agromt.news\/index.php?rest_route=%2Fwp%2Fv2%2Fcomments&post=16378"}],"version-history":[{"count":0,"href":"https:\/\/agromt.news\/index.php?rest_route=\/wp\/v2\/posts\/16378\/revisions"}],"wp:featuredmedia":[{"embeddable":true,"href":"https:\/\/agromt.news\/index.php?rest_route=\/wp\/v2\/media\/16379"}],"wp:attachment":[{"href":"https:\/\/agromt.news\/index.php?rest_route=%2Fwp%2Fv2%2Fmedia&parent=16378"}],"wp:term":[{"taxonomy":"category","embeddable":true,"href":"https:\/\/agromt.news\/index.php?rest_route=%2Fwp%2Fv2%2Fcategories&post=16378"},{"taxonomy":"post_tag","embeddable":true,"href":"https:\/\/agromt.news\/index.php?rest_route=%2Fwp%2Fv2%2Ftags&post=16378"}],"curies":[{"name":"wp","href":"https:\/\/api.w.org\/{rel}","templated":true}]}}