{"id":16368,"date":"2025-07-08T12:22:57","date_gmt":"2025-07-08T16:22:57","guid":{"rendered":"https:\/\/agromt.news\/?p=16368"},"modified":"2025-07-08T12:22:57","modified_gmt":"2025-07-08T16:22:57","slug":"maior-oferta-de-tomate-pressiona-as-cotacoes","status":"publish","type":"post","link":"https:\/\/agromt.news\/?p=16368","title":{"rendered":"Maior oferta de tomate pressiona as cota\u00e7\u00f5es"},"content":{"rendered":"<p> <br \/>\n<br \/><img decoding=\"async\" src=\"https:\/\/agromt.news\/wp-content\/uploads\/2024\/10\/Producao-de-tomates-cresce-em-Sao-Paulo-mesmo-com-periodo-de-seca.jpg\" \/><\/p>\n<div>\n<p>Na \u00faltima semana, os pre\u00e7os do tomate salada 3A ca\u00edram. \u00c9 isso que apontam os levantamentos da <a href=\"https:\/\/www.canalrural.com.br\/tag\/cepea\/\">equipe Hortifr\u00fati\/Cepea<\/a>.\u00a0<\/p>\n<p>No atacado de S\u00e3o Paulo, a m\u00e9dia foi de R$ 102\/caixa, queda de 17,4% em rela\u00e7\u00e3o \u00e0 do per\u00edodo anterior. No do Rio de Janeiro, Campinas (SP) e Belo Horizonte, os recuos foram de 25,8%, 17,7% e 11,5%, respectivamente, para R$ 105\/cx, R$ 108\/cx e R$ 102\/cx.<\/p>\n<p>Segundo pesquisadores do Hortifr\u00fati\/Cepea, a press\u00e3o vem do aumento da oferta. As temperaturas um pouco mais altas nas regi\u00f5es produtoras favoreceram a matura\u00e7\u00e3o do tomate, garantindo aos atacados uma maior disponibilidade de frutos de qualidade, com mais tomates \u201ccoloridos\u201d.\u00a0<\/p>\n<\/div>\n<div>\n<p>Al\u00e9m disso, como o ciclo das plantas avan\u00e7a, naturalmente os frutos se formam, mesmo que as condi\u00e7\u00f5es de temperatura n\u00e3o sejam ideais.\u00a0<\/p>\n<p>Ainda conforme levantamentos do Hortifr\u00fati\/Cepea, a regi\u00e3o de Mogi Gua\u00e7u (SP) intensifica a oferta aos atacados neste m\u00eas (mais tardiamente), j\u00e1 que houve atraso em junho, em fun\u00e7\u00e3o do frio que retardou a matura\u00e7\u00e3o.\u00a0<\/p>\n<p>Araguari (MG) est\u00e1 em plena colheita da safra de inverno e distribui sua produ\u00e7\u00e3o aos principais atacados. A regi\u00e3o de Linhares (ES), que iniciou a safra no m\u00eas passado, j\u00e1 est\u00e1 intensificando a colheita.<\/p>\n<p><em>*Sob supervis\u00e3o de Luis Roberto Toledo<\/em><\/p>\n<\/p><\/div>\n<p><br \/>\n<br \/><a href=\"https:\/\/www.canalrural.com.br\/agricultura\/maior-oferta-de-tomate-pressiona-as-cotacoes\/\">Source link <\/a><\/p>\n","protected":false},"excerpt":{"rendered":"<p>Na \u00faltima semana, os pre\u00e7os do tomate salada 3A ca\u00edram. \u00c9 isso que apontam os levantamentos da equipe Hortifr\u00fati\/Cepea.\u00a0 No<\/p>\n","protected":false},"author":1,"featured_media":3507,"comment_status":"open","ping_status":"open","sticky":false,"template":"","format":"standard","meta":{"_monsterinsights_skip_tracking":false,"_monsterinsights_sitenote_active":false,"_monsterinsights_sitenote_note":"","_monsterinsights_sitenote_category":0,"_uf_show_specific_survey":0,"_uf_disable_surveys":false,"footnotes":""},"categories":[1],"tags":[],"class_list":["post-16368","post","type-post","status-publish","format-standard","has-post-thumbnail","hentry","category-news"],"_links":{"self":[{"href":"https:\/\/agromt.news\/index.php?rest_route=\/wp\/v2\/posts\/16368"}],"collection":[{"href":"https:\/\/agromt.news\/index.php?rest_route=\/wp\/v2\/posts"}],"about":[{"href":"https:\/\/agromt.news\/index.php?rest_route=\/wp\/v2\/types\/post"}],"author":[{"embeddable":true,"href":"https:\/\/agromt.news\/index.php?rest_route=\/wp\/v2\/users\/1"}],"replies":[{"embeddable":true,"href":"https:\/\/agromt.news\/index.php?rest_route=%2Fwp%2Fv2%2Fcomments&post=16368"}],"version-history":[{"count":0,"href":"https:\/\/agromt.news\/index.php?rest_route=\/wp\/v2\/posts\/16368\/revisions"}],"wp:featuredmedia":[{"embeddable":true,"href":"https:\/\/agromt.news\/index.php?rest_route=\/wp\/v2\/media\/3507"}],"wp:attachment":[{"href":"https:\/\/agromt.news\/index.php?rest_route=%2Fwp%2Fv2%2Fmedia&parent=16368"}],"wp:term":[{"taxonomy":"category","embeddable":true,"href":"https:\/\/agromt.news\/index.php?rest_route=%2Fwp%2Fv2%2Fcategories&post=16368"},{"taxonomy":"post_tag","embeddable":true,"href":"https:\/\/agromt.news\/index.php?rest_route=%2Fwp%2Fv2%2Ftags&post=16368"}],"curies":[{"name":"wp","href":"https:\/\/api.w.org\/{rel}","templated":true}]}}