{"id":16367,"date":"2025-07-08T12:16:31","date_gmt":"2025-07-08T16:16:31","guid":{"rendered":"https:\/\/agromt.news\/?p=16367"},"modified":"2025-07-08T12:16:31","modified_gmt":"2025-07-08T16:16:31","slug":"soja-fecha-em-queda-em-chicago-com-novas-tensoes","status":"publish","type":"post","link":"https:\/\/agromt.news\/?p=16367","title":{"rendered":"Soja fecha em queda em Chicago com novas tens\u00f5es"},"content":{"rendered":"<p> <br \/>\n<\/p>\n<div>\n<div class=\"row\">\n<div class=\"col-lg col-infos mt-0 mt-lg-0\">\n<div class=\"section-sub-title\">\n<p itemprop=\"description\">&#13;<br \/>\n                                Os derivados da oleaginosa tamb\u00e9m acompanharam o movimento negativo&#13;\n                            <\/p>\n<\/p><\/div>\n<div class=\"container\">\n<div class=\"row\">\n<div class=\"col-lg p-0\">\n<div>\n<div class=\"block-news-main-infos mt-3 text-start\">\n<p>                                            <strong class=\"fn\" itemprop=\"author\" style=\"color: rgb(112, 112, 112); \">&#13;<br \/>\n                                                <a href=\"https:\/\/www.agrolink.com.br\/noticias\/javascript:;\" class=\"text-uppercase\" target=\"_blank\" style=\"color: rgb(112, 112, 112); \" rel=\"noopener\">Agrolink<\/a>&#13;<br \/>\n&#13;<br \/>\n                                                    &#8211; Leonardo Gottems&#13;<br \/>\n&#13;<br \/>\n                                            <\/strong><br \/>\n                                        <\/p>\n<p>                                            <abbr><time datetime=\"2025-07-08T07:32\" itemprop=\"datePublished dateModified\">Publicado em 08\/07\/2025 \u00e0s 07:32h.<\/time><\/abbr><br \/>\n                                            <\/p><\/div>\n<\/p><\/div>\n<\/p><\/div>\n<div class=\"col-lg p-0 text-lg-end\">\n<div>\n<div id=\"mdEnviarPagina\" class=\"modal fade\" role=\"dialog\">\n<div class=\"modal-dialog\">\n<div class=\"modal-content\">\n<div class=\"modal-body\">\n<p><strong>Estimado usu\u00e1rio.<\/strong><br \/>Preencha o formul\u00e1rio abaixo para remeter a p\u00e1gina.<\/p>\n<\/p><\/div>\n<\/p><\/div>\n<\/p><\/div>\n<\/div><\/div>\n<\/p><\/div>\n<\/p><\/div>\n<\/p><\/div>\n<\/p><\/div>\n<\/p><\/div>\n<div class=\"row justify-content-md-center mt-3\">\n<div class=\"col-lg-auto col-image block-news-main-image\">\n<p>                                <img decoding=\"async\" src=\"https:\/\/www.agrolink.com.br\/upload\/imagens-resizes\/115415aa36664e999e8a3ea2559ebe17_858x483.jpg\" class=\"lazyload img-fluid\" alt=\"Os derivados da oleaginosa tamb\u00e9m acompanharam o movimento negativo\"\/><br \/>\n                                                <span class=\"d-block mt-1\">Os derivados da oleaginosa tamb\u00e9m acompanharam o movimento negativo &#8211; Foto: USDA<\/span><\/p><\/div>\n<\/p><\/div>\n<div class=\"section-description section-description-noticias mt-3\">\n<p>Nesta segunda-feira (07), os contratos futuros da <a href=\"https:\/\/www.agrolink.com.br\/culturas\/soja?utm_source=agrolink-detalhe-noticia&amp;utm_medium=detalhe-noticia&amp;utm_campaign=links-internos\" target=\"_blank\" rel=\"noopener\">soja<\/a> negociados na Bolsa de Chicago (CBOT) encerraram o dia em forte baixa, pressionados por fatores pol\u00edticos e cambiais. Segundo informa\u00e7\u00f5es da TF Agroecon\u00f4mica, o contrato de agosto, refer\u00eancia para a safra brasileira, recuou -1,81%, ou -24,00 cents por bushel, fechando a US$ 10,31. J\u00e1 o vencimento de setembro caiu -2,67% (-27,75 cents\/bushel), cotado a US$ 10,13.&#13;\n<\/p>\n<p>Os derivados da oleaginosa tamb\u00e9m acompanharam o movimento negativo. O farelo de soja para agosto recuou -1,87%, cotado a US$ 272,20 por tonelada curta, enquanto o \u00f3leo de soja fechou em baixa de -1,12%, a US$ 53,94 por libra-peso. A desvaloriza\u00e7\u00e3o generalizada foi motivada por decep\u00e7\u00f5es no discurso de Donald Trump, que, em evento em Iowa, n\u00e3o apresentou novas medidas de est\u00edmulo ao com\u00e9rcio internacional.<\/p>\n<p>A aus\u00eancia de an\u00fancios sobre compras chinesas ou acordos bilaterais frustrou as expectativas dos investidores e levou fundos a realizarem lucros, acelerando as quedas. Al\u00e9m disso, a desvaloriza\u00e7\u00e3o do real frente ao d\u00f3lar contribuiu para um aumento na oferta da soja brasileira, com produtores aproveitando o c\u00e2mbio para escoar estoques e abrir espa\u00e7o nos armaz\u00e9ns para a colheita do milho safrinha.&#13;\n<\/p>\n<p>Apesar das expectativas de crescimento de 10% nas exporta\u00e7\u00f5es da oleaginosa em 2025, as vendas para a China \u2014 principal compradora global \u2014 ca\u00edram mais de 40% recentemente. Esse cen\u00e1rio refor\u00e7a preocupa\u00e7\u00f5es quanto \u00e0 demanda externa. Segundo o USDA, os embarques semanais somaram 389 mil toneladas, dentro do esperado, mas insuficientes para conter o pessimismo do mercado.<br \/>&#13;<br \/>\n\u00a0<\/p>\n<\/p><\/div>\n<\/p><\/div>\n<p><script data-cfasync=\"false\">\n    !function (f, b, e, v, n, t, s) {\n        if (f.fbq) return; n = f.fbq = function () {\n            n.callMethod ?\n                n.callMethod.apply(n, arguments) : n.queue.push(arguments)\n        };\n        if (!f._fbq) f._fbq = n; n.push = n; n.loaded = !0; n.version = '2.0';\n        n.queue = []; t = b.createElement(e); t.async = !0;\n        t.src = v; s = b.getElementsByTagName(e)[0];\n        s.parentNode.insertBefore(t, s)\n    }(window, document, 'script',\n        'https:\/\/connect.facebook.net\/en_US\/fbevents.js');\n    fbq('init', '522546078623747');\n    fbq('track', 'PageView');\n<\/script><br \/>\n<br \/><br \/>\n<br \/><a href=\"https:\/\/www.agrolink.com.br\/noticias\/soja-fecha-em-queda-em-chicago-com-novas-tensoes_503676.html\">Source link <\/a><\/p>\n","protected":false},"excerpt":{"rendered":"<p>&#13; Os derivados da oleaginosa tamb\u00e9m acompanharam o movimento negativo&#13; &#13; Agrolink&#13; &#13; &#8211; Leonardo Gottems&#13; &#13; Publicado em 08\/07\/2025<\/p>\n","protected":false},"author":1,"featured_media":2020,"comment_status":"open","ping_status":"open","sticky":false,"template":"","format":"standard","meta":{"_monsterinsights_skip_tracking":false,"_monsterinsights_sitenote_active":false,"_monsterinsights_sitenote_note":"","_monsterinsights_sitenote_category":0,"_uf_show_specific_survey":0,"_uf_disable_surveys":false,"footnotes":""},"categories":[8,1,14],"tags":[],"class_list":["post-16367","post","type-post","status-publish","format-standard","has-post-thumbnail","hentry","category-agro","category-news","category-politica-agro"],"_links":{"self":[{"href":"https:\/\/agromt.news\/index.php?rest_route=\/wp\/v2\/posts\/16367"}],"collection":[{"href":"https:\/\/agromt.news\/index.php?rest_route=\/wp\/v2\/posts"}],"about":[{"href":"https:\/\/agromt.news\/index.php?rest_route=\/wp\/v2\/types\/post"}],"author":[{"embeddable":true,"href":"https:\/\/agromt.news\/index.php?rest_route=\/wp\/v2\/users\/1"}],"replies":[{"embeddable":true,"href":"https:\/\/agromt.news\/index.php?rest_route=%2Fwp%2Fv2%2Fcomments&post=16367"}],"version-history":[{"count":0,"href":"https:\/\/agromt.news\/index.php?rest_route=\/wp\/v2\/posts\/16367\/revisions"}],"wp:featuredmedia":[{"embeddable":true,"href":"https:\/\/agromt.news\/index.php?rest_route=\/wp\/v2\/media\/2020"}],"wp:attachment":[{"href":"https:\/\/agromt.news\/index.php?rest_route=%2Fwp%2Fv2%2Fmedia&parent=16367"}],"wp:term":[{"taxonomy":"category","embeddable":true,"href":"https:\/\/agromt.news\/index.php?rest_route=%2Fwp%2Fv2%2Fcategories&post=16367"},{"taxonomy":"post_tag","embeddable":true,"href":"https:\/\/agromt.news\/index.php?rest_route=%2Fwp%2Fv2%2Ftags&post=16367"}],"curies":[{"name":"wp","href":"https:\/\/api.w.org\/{rel}","templated":true}]}}