{"id":16365,"date":"2025-07-08T12:08:53","date_gmt":"2025-07-08T16:08:53","guid":{"rendered":"https:\/\/agromt.news\/?p=16365"},"modified":"2025-07-08T12:08:53","modified_gmt":"2025-07-08T16:08:53","slug":"expoalmas-pretende-impulsionar-o-agronegocio-no-sudeste-do-tocantins","status":"publish","type":"post","link":"https:\/\/agromt.news\/?p=16365","title":{"rendered":"ExpoAlmas pretende impulsionar o agroneg\u00f3cio no Sudeste do Tocantins"},"content":{"rendered":"<p> <br \/>\n<br \/><img decoding=\"async\" src=\"https:\/\/agromt.news\/wp-content\/uploads\/2025\/07\/ExpoAlmas-pretende-impulsionar-o-agronegocio-no-Sudeste-do-Tocantins.png\" \/><\/p>\n<div>\n<p>A ExpoAlmas, maior <a href=\"https:\/\/www.canalrural.com.br\/empreendedorismo\/artesaos-do-vale-do-ribeira-visitam-a-maior-feira-de-arte-da-america-latina\/\">feira <\/a>agropecu\u00e1ria da regi\u00e3o Sudeste do Tocantins (TO), movimentar\u00e1 o munic\u00edpio de Almas entre <strong>10 e 12 de julho<\/strong>. Durante a feira, o <strong>Sebrae\/TO oferecer\u00e1 orienta\u00e7\u00e3o, informa\u00e7\u00e3o e acesso a servi\u00e7os essenciais <\/strong>para pequenos neg\u00f3cios. Al\u00e9m disso, a institui\u00e7\u00e3o participar\u00e1 da programa\u00e7\u00e3o t\u00e9cnica. <\/p>\n<p>Produtores rurais, empres\u00e1rios, institui\u00e7\u00f5es financeiras e entidades do agro v\u00e3o se reunir em um ambiente estrat\u00e9gico de gera\u00e7\u00e3o de oportunidades. Com programa\u00e7\u00e3o t\u00e9cnica diversificada, a feira tamb\u00e9m aposta em conte\u00fado de peso para fomentar o conhecimento e ampliar as compet\u00eancias dos produtores e empreendedores da regi\u00e3o, al\u00e9m de contar com shows e rodeios. <\/p>\n<ul class=\"wp-block-list\">\n<li><em>Participe do Porteira Aberta Empreender: envie perguntas, sugest\u00f5es e conte sua hist\u00f3ria de empreendedorismo pelo\u00a0<\/em><a href=\"https:\/\/api.whatsapp.com\/send?phone=5511932796720&amp;PorteiraAbertaEmpreender=SuaMensagem\"><strong>WhatsApp<\/strong><\/a><\/li>\n<\/ul>\n<h2 class=\"wp-block-heading\" id=\"h-destaques-da-expoalmas\">Destaques da ExpoAlmas<\/h2>\n<p>Um dos destaques da programa\u00e7\u00e3o \u00e9 a palestra do <strong>ex-ministro Aldo Rebelo<\/strong>, marcada para o dia <strong>11 de julho, \u00e0s 17h<\/strong>. Com o tema: \u2018O Brasil na geopol\u00edtica ambiental\u2019. <\/p>\n<\/div>\n<div>\n<p>J\u00e1 no dia <strong>12 de julho, \u00e0s 9h<\/strong>, a <strong>especialista Ceci Mota<\/strong> abordar\u00e1 o tema \u2018Autoconfian\u00e7a e resili\u00eancia para crescer\u2019. <\/p>\n<p>Segundo Rog\u00e9rio Ramos, diretor t\u00e9cnico do <a href=\"https:\/\/to.agenciasebrae.com.br\/inovacao-e-tecnologia\/sebrae-fortalece-empreendedores-durante-a-expoalmas-no-sudeste-do-tocantins\/\">Sebrae\/TO<\/a>, as a\u00e7\u00f5es na feira est\u00e3o alinhadas com a miss\u00e3o de impulsionar os pequenos neg\u00f3cios e promover desenvolvimento sustent\u00e1vel. <\/p>\n<p>\u201cAtuamos diretamente para impulsionar os pequenos neg\u00f3cios. A feira vai al\u00e9m de entretenimento com shows e rodeios, ela se consolida como <strong>um ambiente estrat\u00e9gico de gera\u00e7\u00e3o de oportunidades, valoriza\u00e7\u00e3o do agroneg\u00f3cio e est\u00edmulo ao empreendedorismo <\/strong>que movimenta a economia do Tocantins\u201d, afirma Ramos.<\/p>\n<\/p><\/div>\n<p><br \/>\n<br \/><a href=\"https:\/\/www.canalrural.com.br\/empreendedorismo\/expoalmas-pretende-impulsionar-o-agronegocio-no-sudeste-do-tocantins\/\">Source link <\/a><\/p>\n","protected":false},"excerpt":{"rendered":"<p>A ExpoAlmas, maior feira agropecu\u00e1ria da regi\u00e3o Sudeste do Tocantins (TO), movimentar\u00e1 o munic\u00edpio de Almas entre 10 e 12<\/p>\n","protected":false},"author":1,"featured_media":16366,"comment_status":"open","ping_status":"open","sticky":false,"template":"","format":"standard","meta":{"_monsterinsights_skip_tracking":false,"_monsterinsights_sitenote_active":false,"_monsterinsights_sitenote_note":"","_monsterinsights_sitenote_category":0,"_uf_show_specific_survey":0,"_uf_disable_surveys":false,"footnotes":""},"categories":[1],"tags":[],"class_list":["post-16365","post","type-post","status-publish","format-standard","has-post-thumbnail","hentry","category-news"],"_links":{"self":[{"href":"https:\/\/agromt.news\/index.php?rest_route=\/wp\/v2\/posts\/16365"}],"collection":[{"href":"https:\/\/agromt.news\/index.php?rest_route=\/wp\/v2\/posts"}],"about":[{"href":"https:\/\/agromt.news\/index.php?rest_route=\/wp\/v2\/types\/post"}],"author":[{"embeddable":true,"href":"https:\/\/agromt.news\/index.php?rest_route=\/wp\/v2\/users\/1"}],"replies":[{"embeddable":true,"href":"https:\/\/agromt.news\/index.php?rest_route=%2Fwp%2Fv2%2Fcomments&post=16365"}],"version-history":[{"count":0,"href":"https:\/\/agromt.news\/index.php?rest_route=\/wp\/v2\/posts\/16365\/revisions"}],"wp:featuredmedia":[{"embeddable":true,"href":"https:\/\/agromt.news\/index.php?rest_route=\/wp\/v2\/media\/16366"}],"wp:attachment":[{"href":"https:\/\/agromt.news\/index.php?rest_route=%2Fwp%2Fv2%2Fmedia&parent=16365"}],"wp:term":[{"taxonomy":"category","embeddable":true,"href":"https:\/\/agromt.news\/index.php?rest_route=%2Fwp%2Fv2%2Fcategories&post=16365"},{"taxonomy":"post_tag","embeddable":true,"href":"https:\/\/agromt.news\/index.php?rest_route=%2Fwp%2Fv2%2Ftags&post=16365"}],"curies":[{"name":"wp","href":"https:\/\/api.w.org\/{rel}","templated":true}]}}