{"id":16350,"date":"2025-07-08T08:23:28","date_gmt":"2025-07-08T12:23:28","guid":{"rendered":"https:\/\/agromt.news\/?p=16350"},"modified":"2025-07-08T08:23:28","modified_gmt":"2025-07-08T12:23:28","slug":"milho-recua-na-b3-e-em-chicago-3","status":"publish","type":"post","link":"https:\/\/agromt.news\/?p=16350","title":{"rendered":"Milho recua na B3 e em Chicago"},"content":{"rendered":"<p> <br \/>\n<\/p>\n<div>\n<p>O mercado futuro do <a href=\"https:\/\/www.agrolink.com.br\/culturas\/milho?utm_source=agrolink-detalhe-noticia&amp;utm_medium=detalhe-noticia&amp;utm_campaign=links-internos&#9;\" target=\"_blank\" rel=\"noopener\">milho<\/a> registrou queda nesta segunda-feira (8), tanto na B3 quanto na Bolsa de Chicago, refletindo um cen\u00e1rio desfavor\u00e1vel para o cereal no curto prazo. Segundo informa\u00e7\u00f5es da TF Agroecon\u00f4mica, as cota\u00e7\u00f5es na B3 cederam em sintonia com a forte baixa registrada em Chicago, enquanto a leve melhora na paridade cambial entre real e d\u00f3lar evitou perdas ainda maiores.&#13;\n<\/p>\n<p>No mercado interno, o cen\u00e1rio segue pressionado. De acordo com o Cepea, os pre\u00e7os do milho est\u00e3o nos menores patamares do ano em diversas regi\u00f5es do pa\u00eds, influenciados principalmente pela maior oferta no mercado spot. Os vendedores est\u00e3o mais flex\u00edveis nas negocia\u00e7\u00f5es, mesmo com o ritmo de colheita da segunda safra ainda abaixo dos n\u00edveis de 2023. A limita\u00e7\u00e3o na capacidade de armazenagem e a baixa paridade de exporta\u00e7\u00e3o intensificam a press\u00e3o sobre os pre\u00e7os. Do lado da demanda, os compradores est\u00e3o cautelosos, adquirindo apenas volumes pontuais para consumo imediato.&#13;\n<\/p>\n<p>O programa de exporta\u00e7\u00e3o segue lento: dados da Secex apontam que o Brasil embarcou apenas 120,7 mil toneladas de milho nos primeiros dias de julho. A escassez de gr\u00e3os nos portos tem atrasado os embarques e comprometido o desempenho das exporta\u00e7\u00f5es.<\/p>\n<p>Na B3, o contrato julho\/25 fechou a R\\$ 61,61, com queda de R\\$ 0,33 no dia e de R\\$ 1,83 na semana. Setembro\/25 recuou R\\$ 0,28 no dia, cotado a R\\$ 61,94, e novembro\/25 caiu R\\$ 0,30, encerrando a R\\$ 66,22. Em Chicago, o milho para setembro caiu 3,99% ou US\\$ 16,75 cents, fechando a US\\$ 403,50\/bushel. Dezembro recuou 3,72%, a US\\$ 420,75\/bushel. O mercado reagiu negativamente ao discurso de Donald Trump, que manteve a amea\u00e7a de tarifas de 25% sobre importa\u00e7\u00f5es vindas do Jap\u00e3o e da Coreia do Sul a partir de 1\u00ba de agosto, dois dos maiores compradores do milho norte-americano.<br \/>&#13;<br \/>\n\u00a0&#13;\n<\/p>\n<\/p><\/div>\n<p><script data-cfasync=\"false\">\n    !function (f, b, e, v, n, t, s) {\n        if (f.fbq) return; n = f.fbq = function () {\n            n.callMethod ?\n                n.callMethod.apply(n, arguments) : n.queue.push(arguments)\n        };\n        if (!f._fbq) f._fbq = n; n.push = n; n.loaded = !0; n.version = '2.0';\n        n.queue = []; t = b.createElement(e); t.async = !0;\n        t.src = v; s = b.getElementsByTagName(e)[0];\n        s.parentNode.insertBefore(t, s)\n    }(window, document, 'script',\n        'https:\/\/connect.facebook.net\/en_US\/fbevents.js');\n    fbq('init', '522546078623747');\n    fbq('track', 'PageView');\n<\/script><br \/>\n<br \/><br \/>\n<br \/><a href=\"https:\/\/www.agrolink.com.br\/noticias\/milho-recua-na-b3-e-em-chicago_503678.html\">Source link <\/a><\/p>\n","protected":false},"excerpt":{"rendered":"<p>O mercado futuro do milho registrou queda nesta segunda-feira (8), tanto na B3 quanto na Bolsa de Chicago, refletindo um<\/p>\n","protected":false},"author":1,"featured_media":1615,"comment_status":"open","ping_status":"open","sticky":false,"template":"","format":"standard","meta":{"_monsterinsights_skip_tracking":false,"_monsterinsights_sitenote_active":false,"_monsterinsights_sitenote_note":"","_monsterinsights_sitenote_category":0,"_uf_show_specific_survey":0,"_uf_disable_surveys":false,"footnotes":""},"categories":[8,1,14],"tags":[],"class_list":["post-16350","post","type-post","status-publish","format-standard","has-post-thumbnail","hentry","category-agro","category-news","category-politica-agro"],"_links":{"self":[{"href":"https:\/\/agromt.news\/index.php?rest_route=\/wp\/v2\/posts\/16350"}],"collection":[{"href":"https:\/\/agromt.news\/index.php?rest_route=\/wp\/v2\/posts"}],"about":[{"href":"https:\/\/agromt.news\/index.php?rest_route=\/wp\/v2\/types\/post"}],"author":[{"embeddable":true,"href":"https:\/\/agromt.news\/index.php?rest_route=\/wp\/v2\/users\/1"}],"replies":[{"embeddable":true,"href":"https:\/\/agromt.news\/index.php?rest_route=%2Fwp%2Fv2%2Fcomments&post=16350"}],"version-history":[{"count":0,"href":"https:\/\/agromt.news\/index.php?rest_route=\/wp\/v2\/posts\/16350\/revisions"}],"wp:featuredmedia":[{"embeddable":true,"href":"https:\/\/agromt.news\/index.php?rest_route=\/wp\/v2\/media\/1615"}],"wp:attachment":[{"href":"https:\/\/agromt.news\/index.php?rest_route=%2Fwp%2Fv2%2Fmedia&parent=16350"}],"wp:term":[{"taxonomy":"category","embeddable":true,"href":"https:\/\/agromt.news\/index.php?rest_route=%2Fwp%2Fv2%2Fcategories&post=16350"},{"taxonomy":"post_tag","embeddable":true,"href":"https:\/\/agromt.news\/index.php?rest_route=%2Fwp%2Fv2%2Ftags&post=16350"}],"curies":[{"name":"wp","href":"https:\/\/api.w.org\/{rel}","templated":true}]}}