{"id":16346,"date":"2025-07-08T01:56:47","date_gmt":"2025-07-08T05:56:47","guid":{"rendered":"https:\/\/agromt.news\/?p=16346"},"modified":"2025-07-08T01:56:47","modified_gmt":"2025-07-08T05:56:47","slug":"minerio-de-ferro-cai-com-demanda-fraca-da-china","status":"publish","type":"post","link":"https:\/\/agromt.news\/?p=16346","title":{"rendered":"Min\u00e9rio de ferro cai com demanda fraca da China"},"content":{"rendered":"<p> <br \/>\n<\/p>\n<div>\n<div class=\"materia\">\n<p><img decoding=\"async\" alt=\"Logotipo Reuters\" height=\"22\" src=\"https:\/\/cdn.noticiasagricolas.com.br\/dbimagens\/0f687b0f35da9d220b6477534ce7c667.gif\" width=\"71\"\/><\/p>\n<p>Por Lucas Liew<\/p>\n<p>CINGAPURA (Reuters) &#8211; Os contratos futuros do min\u00e9rio de ferro ca\u00edram nesta ter\u00e7a-feira, j\u00e1 que os dados decepcionantes de atividade industrial na China e os persistentes problemas do setor imobili\u00e1rio local pioraram o sentimento.<\/p>\n<p>Alertas de pre\u00e7os mais baixos feitos por autoridades australianas e as expectativas de uma demanda sazonal mais branda tamb\u00e9m contribu\u00edram para a perspectiva baixista.<\/p>\n<p>O contrato de setembro do min\u00e9rio de ferro mais negociado na Bolsa de Mercadorias de Dalian (DCE) da China terminou as negocia\u00e7\u00f5es do dia com queda de 1,32%, a 708,5 iuanes (US$98,92) a tonelada.<\/p>\n<p>O min\u00e9rio de ferro de refer\u00eancia de agosto na Bolsa de Cingapura perdeu 0,98%, a US$93,1 a tonelada.<\/p>\n<p>A atividade industrial da China encolheu pelo terceiro m\u00eas consecutivo em junho, embora em ritmo mais lento. No entanto, o sentimento dos neg\u00f3cios permanece moderado.<\/p>\n<p>A fraqueza cont\u00ednua no setor imobili\u00e1rio da China e um relat\u00f3rio do governo australiano alertando sobre pre\u00e7os mais baixos devido \u00e0s fracas perspectivas pesaram ainda mais sobre o sentimento, disse o ANZ.<\/p>\n<p>Al\u00e9m disso, o sentimento dos investidores tamb\u00e9m foi afetado depois que Jiang Wei, secret\u00e1rio geral da Associa\u00e7\u00e3o de Ferro e A\u00e7o da China, foi citado pelo China Metallurgical News na semana passada aconselhando as autoridades a restringir as exporta\u00e7\u00f5es de tarugos.<\/p>\n<p>O pedido foi feito ap\u00f3s o aumento das remessas de produtos de a\u00e7o semiacabados no acumulado do ano.<\/p>\n<p>O volume total de min\u00e9rio de ferro despachado para destinos globais pelos principais produtores, Austr\u00e1lia e Brasil, caiu 7,4% de 23 a 29 de junho, revertendo o salto da semana anterior, informou a consultoria chinesa Mysteel.<\/p>\n<p>(Reportagem de Lucas Liew)<\/p>\n<\/p><\/div>\n<div class=\"grupo-whatsapp\">\n      J\u00e1 segue nosso Canal oficial no WhatsApp? <a href=\"https:\/\/bit.ly\/Canal_NA\" target=\"_blank\" rel=\"noopener\"><strong>Clique Aqui<\/strong><\/a> para receber em primeira m\u00e3o as principais not\u00edcias do agroneg\u00f3cio\n    <\/div>\n<\/p><\/div>\n<p><script async defer src=\"https:\/\/connect.facebook.net\/en_US\/sdk.js\"><\/script><script>\n  !function(f,b,e,v,n,t,s)\n  {if(f.fbq)return;n=f.fbq=function(){n.callMethod?\n    n.callMethod.apply(n,arguments):n.queue.push(arguments)};\n    if(!f._fbq)f._fbq=n;n.push=n;n.loaded=!0;n.version='2.0';\n    n.queue=[];t=b.createElement(e);t.async=!0;\n    t.src=v;s=b.getElementsByTagName(e)[0];\n    s.parentNode.insertBefore(t,s)}(window, document,'script',\n    'https:\/\/connect.facebook.net\/en_US\/fbevents.js');\n  fbq('init', '153495679422335');\n  fbq('track', 'PageView');\n<\/script><br \/>\n<br \/><br \/>\n<br \/><a href=\"https:\/\/www.noticiasagricolas.com.br\/noticias\/politica-economia\/403253-minerio-de-ferro-cai-com-demanda-fraca-da-china.html\">Source link <\/a><\/p>\n","protected":false},"excerpt":{"rendered":"<p>Por Lucas Liew CINGAPURA (Reuters) &#8211; Os contratos futuros do min\u00e9rio de ferro ca\u00edram nesta ter\u00e7a-feira, j\u00e1 que os dados<\/p>\n","protected":false},"author":1,"featured_media":16347,"comment_status":"open","ping_status":"open","sticky":false,"template":"","format":"standard","meta":{"_monsterinsights_skip_tracking":false,"_monsterinsights_sitenote_active":false,"_monsterinsights_sitenote_note":"","_monsterinsights_sitenote_category":0,"_uf_show_specific_survey":0,"_uf_disable_surveys":false,"footnotes":""},"categories":[8,1,14,16],"tags":[],"class_list":["post-16346","post","type-post","status-publish","format-standard","has-post-thumbnail","hentry","category-agro","category-news","category-politica-agro","category-safra"],"_links":{"self":[{"href":"https:\/\/agromt.news\/index.php?rest_route=\/wp\/v2\/posts\/16346"}],"collection":[{"href":"https:\/\/agromt.news\/index.php?rest_route=\/wp\/v2\/posts"}],"about":[{"href":"https:\/\/agromt.news\/index.php?rest_route=\/wp\/v2\/types\/post"}],"author":[{"embeddable":true,"href":"https:\/\/agromt.news\/index.php?rest_route=\/wp\/v2\/users\/1"}],"replies":[{"embeddable":true,"href":"https:\/\/agromt.news\/index.php?rest_route=%2Fwp%2Fv2%2Fcomments&post=16346"}],"version-history":[{"count":0,"href":"https:\/\/agromt.news\/index.php?rest_route=\/wp\/v2\/posts\/16346\/revisions"}],"wp:featuredmedia":[{"embeddable":true,"href":"https:\/\/agromt.news\/index.php?rest_route=\/wp\/v2\/media\/16347"}],"wp:attachment":[{"href":"https:\/\/agromt.news\/index.php?rest_route=%2Fwp%2Fv2%2Fmedia&parent=16346"}],"wp:term":[{"taxonomy":"category","embeddable":true,"href":"https:\/\/agromt.news\/index.php?rest_route=%2Fwp%2Fv2%2Fcategories&post=16346"},{"taxonomy":"post_tag","embeddable":true,"href":"https:\/\/agromt.news\/index.php?rest_route=%2Fwp%2Fv2%2Ftags&post=16346"}],"curies":[{"name":"wp","href":"https:\/\/api.w.org\/{rel}","templated":true}]}}