{"id":16345,"date":"2025-07-08T00:38:54","date_gmt":"2025-07-08T04:38:54","guid":{"rendered":"https:\/\/agromt.news\/?p=16345"},"modified":"2025-07-08T00:38:54","modified_gmt":"2025-07-08T04:38:54","slug":"armazenagem-estrategica-mantem-feijao-firme","status":"publish","type":"post","link":"https:\/\/agromt.news\/?p=16345","title":{"rendered":"Armazenagem estrat\u00e9gica mant\u00e9m feij\u00e3o firme"},"content":{"rendered":"<p> <br \/>\n<\/p>\n<div>\n<div class=\"row\">\n<div class=\"col-lg col-infos mt-0 mt-lg-0\">\n<div class=\"section-sub-title\">\n<p itemprop=\"description\">&#13;<br \/>\n                                O Ibrafe destaca que uma campanha nacional para estimular o consumo &#13;\n                            <\/p>\n<\/p><\/div>\n<div class=\"container\">\n<div class=\"row\">\n<div class=\"col-lg p-0\">\n<div>\n<div class=\"block-news-main-infos mt-3 text-start\">\n<p>                                            <strong class=\"fn\" itemprop=\"author\" style=\"color: rgb(112, 112, 112); \">&#13;<br \/>\n                                                <a href=\"https:\/\/www.agrolink.com.br\/noticias\/javascript:;\" class=\"text-uppercase\" target=\"_blank\" style=\"color: rgb(112, 112, 112); \" rel=\"noopener\">Agrolink<\/a>&#13;<br \/>\n&#13;<br \/>\n                                                    &#8211; Leonardo Gottems&#13;<br \/>\n&#13;<br \/>\n                                            <\/strong><br \/>\n                                        <\/p>\n<p>                                            <abbr><time datetime=\"2025-07-07T06:45\" itemprop=\"datePublished dateModified\">Publicado em 07\/07\/2025 \u00e0s 06:45h.<\/time><\/abbr><br \/>\n                                            <\/p><\/div>\n<\/p><\/div>\n<\/p><\/div>\n<div class=\"col-lg p-0 text-lg-end\">\n<div>\n<div id=\"mdEnviarPagina\" class=\"modal fade\" role=\"dialog\">\n<div class=\"modal-dialog\">\n<div class=\"modal-content\">\n<div class=\"modal-body\">\n<p><strong>Estimado usu\u00e1rio.<\/strong><br \/>Preencha o formul\u00e1rio abaixo para remeter a p\u00e1gina.<\/p>\n<\/p><\/div>\n<\/p><\/div>\n<\/p><\/div>\n<\/div><\/div>\n<\/p><\/div>\n<\/p><\/div>\n<\/p><\/div>\n<\/p><\/div>\n<\/p><\/div>\n<div class=\"row justify-content-md-center mt-3\">\n<div class=\"col-lg-auto col-image block-news-main-image\">\n<p>                                <img decoding=\"async\" src=\"https:\/\/www.agrolink.com.br\/upload\/imagens-resizes\/62845d43b6b34e10aa3dfc5dc374b05c_858x483.jpg\" class=\"lazyload img-fluid\"\/><br \/>\n                                                <span class=\"publicity-photo d-block mt-1\">Foto: Canva<\/span><\/p><\/div>\n<\/p><\/div>\n<div class=\"section-description section-description-noticias mt-3\">\n<p>Apesar da recorrente percep\u00e7\u00e3o de queda no consumo durante per\u00edodos de safra elevada ou colheita concentrada, o mercado brasileiro de <a href=\"https:\/\/www.agrolink.com.br\/culturas\/feijao\/?utm_source=agrolink-detalhe-noticia&amp;utm_medium=detalhe-noticia&amp;utm_campaign=links-internos\" target=\"_blank\" rel=\"noopener\">feij\u00e3o<\/a> continua ativo. Segundo o Instituto Brasileiro de <a href=\"https:\/\/www.agrolink.com.br\/culturas\/feijao\/?utm_source=agrolink-detalhe-noticia&amp;utm_medium=detalhe-noticia&amp;utm_campaign=links-internos\" target=\"_blank\" rel=\"noopener\">feij\u00e3o<\/a> e Pulses (Ibrafe), a demanda segue dentro da realidade atual, impulsionada principalmente pelos pre\u00e7os atrativos nas g\u00f4ndolas do varejo.&#13;\n<\/p>\n<p>O Ibrafe destaca que uma campanha nacional para estimular o consumo \u2014 j\u00e1 em articula\u00e7\u00e3o com apoio parlamentar e entidades do setor \u2014 poder\u00e1 ampliar ainda mais a demanda no m\u00e9dio prazo. Enquanto isso, os neg\u00f3cios continuam ocorrendo em diferentes regi\u00f5es, como no Vale do Araguaia (GO), onde houve vendas pontuais a R\\$ 190,00\/saca. No entanto, muitos produtores optam por armazenar o produto abaixo de R\\$ 220,00\/saca, evitando uma poss\u00edvel queda brusca nos pre\u00e7os.<\/p>\n<p>Essa pr\u00e1tica de armazenagem \u00e9 apontada como uma li\u00e7\u00e3o aprendida com pa\u00edses como os Estados Unidos, onde toda a safra \u00e9 colhida em um \u00fanico m\u00eas, mas o consumo se mant\u00e9m est\u00e1vel durante o ano gra\u00e7as \u00e0 gest\u00e3o de estoques. Caso o mercado brasileiro despejasse todo o volume colhido de uma s\u00f3 vez, os pre\u00e7os poderiam cair para menos de R\\$ 100,00\/saca, alerta o Instituto.&#13;\n<\/p>\n<p>A consolida\u00e7\u00e3o de uma mentalidade mais estrat\u00e9gica \u00e9 essencial: armazenar com qualidade, vender no momento certo e trabalhar coletivamente para incentivar o consumo interno, expandir as exporta\u00e7\u00f5es e garantir rentabilidade ao produtor. Segundo o Ibrafe, o Clube Premier seguir\u00e1 acompanhando essas movimenta\u00e7\u00f5es, contribuindo com an\u00e1lises e orienta\u00e7\u00f5es para os protagonistas do setor. As informa\u00e7\u00f5es s\u00e3o do encerramento da semana.<br \/>&#13;<br \/>\n\u00a0<\/p>\n<\/p><\/div>\n<\/p><\/div>\n<p><script data-cfasync=\"false\">\n    !function (f, b, e, v, n, t, s) {\n        if (f.fbq) return; n = f.fbq = function () {\n            n.callMethod ?\n                n.callMethod.apply(n, arguments) : n.queue.push(arguments)\n        };\n        if (!f._fbq) f._fbq = n; n.push = n; n.loaded = !0; n.version = '2.0';\n        n.queue = []; t = b.createElement(e); t.async = !0;\n        t.src = v; s = b.getElementsByTagName(e)[0];\n        s.parentNode.insertBefore(t, s)\n    }(window, document, 'script',\n        'https:\/\/connect.facebook.net\/en_US\/fbevents.js');\n    fbq('init', '522546078623747');\n    fbq('track', 'PageView');\n<\/script><br \/>\n<br \/><br \/>\n<br \/><a href=\"https:\/\/www.agrolink.com.br\/noticias\/armazenagem-estrategica-mantem-feijao-firme_503621.html\">Source link <\/a><\/p>\n","protected":false},"excerpt":{"rendered":"<p>&#13; O Ibrafe destaca que uma campanha nacional para estimular o consumo &#13; &#13; Agrolink&#13; &#13; &#8211; Leonardo Gottems&#13; &#13;<\/p>\n","protected":false},"author":1,"featured_media":1690,"comment_status":"open","ping_status":"open","sticky":false,"template":"","format":"standard","meta":{"_monsterinsights_skip_tracking":false,"_monsterinsights_sitenote_active":false,"_monsterinsights_sitenote_note":"","_monsterinsights_sitenote_category":0,"_uf_show_specific_survey":0,"_uf_disable_surveys":false,"footnotes":""},"categories":[8,1,14],"tags":[],"class_list":["post-16345","post","type-post","status-publish","format-standard","has-post-thumbnail","hentry","category-agro","category-news","category-politica-agro"],"_links":{"self":[{"href":"https:\/\/agromt.news\/index.php?rest_route=\/wp\/v2\/posts\/16345"}],"collection":[{"href":"https:\/\/agromt.news\/index.php?rest_route=\/wp\/v2\/posts"}],"about":[{"href":"https:\/\/agromt.news\/index.php?rest_route=\/wp\/v2\/types\/post"}],"author":[{"embeddable":true,"href":"https:\/\/agromt.news\/index.php?rest_route=\/wp\/v2\/users\/1"}],"replies":[{"embeddable":true,"href":"https:\/\/agromt.news\/index.php?rest_route=%2Fwp%2Fv2%2Fcomments&post=16345"}],"version-history":[{"count":0,"href":"https:\/\/agromt.news\/index.php?rest_route=\/wp\/v2\/posts\/16345\/revisions"}],"wp:featuredmedia":[{"embeddable":true,"href":"https:\/\/agromt.news\/index.php?rest_route=\/wp\/v2\/media\/1690"}],"wp:attachment":[{"href":"https:\/\/agromt.news\/index.php?rest_route=%2Fwp%2Fv2%2Fmedia&parent=16345"}],"wp:term":[{"taxonomy":"category","embeddable":true,"href":"https:\/\/agromt.news\/index.php?rest_route=%2Fwp%2Fv2%2Fcategories&post=16345"},{"taxonomy":"post_tag","embeddable":true,"href":"https:\/\/agromt.news\/index.php?rest_route=%2Fwp%2Fv2%2Ftags&post=16345"}],"curies":[{"name":"wp","href":"https:\/\/api.w.org\/{rel}","templated":true}]}}