{"id":16344,"date":"2025-07-07T22:42:39","date_gmt":"2025-07-08T02:42:39","guid":{"rendered":"https:\/\/agromt.news\/?p=16344"},"modified":"2025-07-07T22:42:39","modified_gmt":"2025-07-08T02:42:39","slug":"cotonicultores-mineiros-debatem-produtividade-e-sementes","status":"publish","type":"post","link":"https:\/\/agromt.news\/?p=16344","title":{"rendered":"Cotonicultores mineiros debatem produtividade e sementes"},"content":{"rendered":"<p> <br \/>\n<\/p>\n<div>\n<div class=\"row\">\n<div class=\"col-lg col-infos mt-0 mt-lg-0\">\n<div class=\"section-sub-title\">\n<p itemprop=\"description\">&#13;<br \/>\n                                Cada encontro foi adaptado ao perfil do p\u00fablico-alvo&#13;\n                            <\/p>\n<\/p><\/div>\n<div class=\"container\">\n<div class=\"row\">\n<div class=\"col-lg p-0\">\n<div>\n<div class=\"block-news-main-infos mt-3 text-start\">\n<p>                                            <strong class=\"fn\" itemprop=\"author\" style=\"color: rgb(112, 112, 112); \">&#13;<br \/>\n                                                <a href=\"https:\/\/www.agrolink.com.br\/noticias\/javascript:;\" class=\"text-uppercase\" target=\"_blank\" style=\"color: rgb(112, 112, 112); \" rel=\"noopener\">Agrolink<\/a>&#13;<br \/>\n&#13;<br \/>\n                                                    &#8211; Leonardo Gottems&#13;<br \/>\n&#13;<br \/>\n                                            <\/strong><br \/>\n                                        <\/p>\n<p>                                            <abbr><time datetime=\"2025-07-07T06:49\" itemprop=\"datePublished dateModified\">Publicado em 07\/07\/2025 \u00e0s 06:49h.<\/time><\/abbr><br \/>\n                                            <\/p><\/div>\n<\/p><\/div>\n<\/p><\/div>\n<div class=\"col-lg p-0 text-lg-end\">\n<div>\n<div id=\"mdEnviarPagina\" class=\"modal fade\" role=\"dialog\">\n<div class=\"modal-dialog\">\n<div class=\"modal-content\">\n<div class=\"modal-body\">\n<p><strong>Estimado usu\u00e1rio.<\/strong><br \/>Preencha o formul\u00e1rio abaixo para remeter a p\u00e1gina.<\/p>\n<\/p><\/div>\n<\/p><\/div>\n<\/p><\/div>\n<\/div><\/div>\n<\/p><\/div>\n<\/p><\/div>\n<\/p><\/div>\n<\/p><\/div>\n<\/p><\/div>\n<div class=\"row justify-content-md-center mt-3\">\n<div class=\"col-lg-auto col-image block-news-main-image\">\n<p>                                <img decoding=\"async\" src=\"https:\/\/www.agrolink.com.br\/upload\/imagens-resizes\/93ce57edf10f49daa49468712f38ad10_858x483.jpg\" class=\"lazyload img-fluid\" alt=\"Cada encontro foi adaptado ao perfil do p\u00fablico-alvo\"\/><br \/>\n                                                <span class=\"d-block mt-1\">Cada encontro foi adaptado ao perfil do p\u00fablico-alvo &#8211; Foto: Canva<\/span><\/p><\/div>\n<\/p><\/div>\n<div class=\"section-description section-description-noticias mt-3\">\n<p>A \u00faltima etapa do Circuito T\u00e9cnico Amipa (CTA) 2025 foi realizada no dia 26 de junho na Fazenda Experimental da Amipa, em Patos de Minas (MG), reunindo mais de 150 participantes. O evento marcou o encerramento de um ciclo que percorreu as principais regi\u00f5es produtoras de <a href=\"https:\/\/www.agrolink.com.br\/culturas\/algodao\/\" target=\"_blank\" rel=\"noopener\">algod\u00e3o<\/a> de Minas Gerais, com foco na troca de conhecimento t\u00e9cnico, inova\u00e7\u00e3o e boas pr\u00e1ticas na produ\u00e7\u00e3o.&#13;\n<\/p>\n<p>Segundo Jos\u00e9 Lusimar Eug\u00eanio, engenheiro agr\u00f4nomo da Amipa, a programa\u00e7\u00e3o apresentou dados atualizados do setor algodoeiro no estado, o andamento do Projeto Fitossanit\u00e1rio da Associa\u00e7\u00e3o, os avan\u00e7os em biotecnologias da Biof\u00e1brica Amipa e os resultados de experimentos realizados na fazenda. Em seguida, Rodrigo de Oliveira Lima, do Grupo de Estudos do Algod\u00e3o (GEAM), discutiu temas como qualidade de sementes, ac\u00famulo de biomassa e resposta produtiva em diferentes n\u00edveis de aduba\u00e7\u00e3o.<\/p>\n<p>A edi\u00e7\u00e3o 2025 do CTA contou com cinco etapas, realizadas entre abril e junho, com passagens por Varj\u00e3o de Minas, Catuti, Ibia\u00ed, Brasil\u00e2ndia de Minas e Patos de Minas. Cada encontro foi adaptado ao perfil do p\u00fablico-alvo \u2013 da agricultura familiar \u00e0 empresarial \u2013 com visitas t\u00e9cnicas e discuss\u00f5es pr\u00e1ticas sobre os desafios da cotonicultura mineira.&#13;\n<\/p>\n<p>Durante o encerramento, o presidente da Amipa, Daniel Bruxel, destacou a import\u00e2ncia do evento como ferramenta de desenvolvimento regional e valorizou o engajamento dos produtores, parceiros e patrocinadores. A expectativa \u00e9 que os aprendizados promovidos ao longo do circuito contribuam diretamente para a produtividade e sustentabilidade do algod\u00e3o em Minas Gerais.<br \/>&#13;<br \/>\n\u00a0<\/p>\n<\/p><\/div>\n<\/p><\/div>\n<p><script data-cfasync=\"false\">\n    !function (f, b, e, v, n, t, s) {\n        if (f.fbq) return; n = f.fbq = function () {\n            n.callMethod ?\n                n.callMethod.apply(n, arguments) : n.queue.push(arguments)\n        };\n        if (!f._fbq) f._fbq = n; n.push = n; n.loaded = !0; n.version = '2.0';\n        n.queue = []; t = b.createElement(e); t.async = !0;\n        t.src = v; s = b.getElementsByTagName(e)[0];\n        s.parentNode.insertBefore(t, s)\n    }(window, document, 'script',\n        'https:\/\/connect.facebook.net\/en_US\/fbevents.js');\n    fbq('init', '522546078623747');\n    fbq('track', 'PageView');\n<\/script><br \/>\n<br \/><br \/>\n<br \/><a href=\"https:\/\/www.agrolink.com.br\/noticias\/cotonicultores-mineiros-debatem-produtividade-e-sementes_503622.html\">Source link <\/a><\/p>\n","protected":false},"excerpt":{"rendered":"<p>&#13; Cada encontro foi adaptado ao perfil do p\u00fablico-alvo&#13; &#13; Agrolink&#13; &#13; &#8211; Leonardo Gottems&#13; &#13; Publicado em 07\/07\/2025 \u00e0s<\/p>\n","protected":false},"author":1,"featured_media":3869,"comment_status":"open","ping_status":"open","sticky":false,"template":"","format":"standard","meta":{"_monsterinsights_skip_tracking":false,"_monsterinsights_sitenote_active":false,"_monsterinsights_sitenote_note":"","_monsterinsights_sitenote_category":0,"_uf_show_specific_survey":0,"_uf_disable_surveys":false,"footnotes":""},"categories":[8,1,14],"tags":[],"class_list":["post-16344","post","type-post","status-publish","format-standard","has-post-thumbnail","hentry","category-agro","category-news","category-politica-agro"],"_links":{"self":[{"href":"https:\/\/agromt.news\/index.php?rest_route=\/wp\/v2\/posts\/16344"}],"collection":[{"href":"https:\/\/agromt.news\/index.php?rest_route=\/wp\/v2\/posts"}],"about":[{"href":"https:\/\/agromt.news\/index.php?rest_route=\/wp\/v2\/types\/post"}],"author":[{"embeddable":true,"href":"https:\/\/agromt.news\/index.php?rest_route=\/wp\/v2\/users\/1"}],"replies":[{"embeddable":true,"href":"https:\/\/agromt.news\/index.php?rest_route=%2Fwp%2Fv2%2Fcomments&post=16344"}],"version-history":[{"count":0,"href":"https:\/\/agromt.news\/index.php?rest_route=\/wp\/v2\/posts\/16344\/revisions"}],"wp:featuredmedia":[{"embeddable":true,"href":"https:\/\/agromt.news\/index.php?rest_route=\/wp\/v2\/media\/3869"}],"wp:attachment":[{"href":"https:\/\/agromt.news\/index.php?rest_route=%2Fwp%2Fv2%2Fmedia&parent=16344"}],"wp:term":[{"taxonomy":"category","embeddable":true,"href":"https:\/\/agromt.news\/index.php?rest_route=%2Fwp%2Fv2%2Fcategories&post=16344"},{"taxonomy":"post_tag","embeddable":true,"href":"https:\/\/agromt.news\/index.php?rest_route=%2Fwp%2Fv2%2Ftags&post=16344"}],"curies":[{"name":"wp","href":"https:\/\/api.w.org\/{rel}","templated":true}]}}