{"id":16326,"date":"2025-07-07T18:02:12","date_gmt":"2025-07-07T22:02:12","guid":{"rendered":"https:\/\/agromt.news\/?p=16326"},"modified":"2025-07-07T18:02:12","modified_gmt":"2025-07-07T22:02:12","slug":"veja-a-previsao-da-semana-2","status":"publish","type":"post","link":"https:\/\/agromt.news\/?p=16326","title":{"rendered":"veja a previs\u00e3o da semana"},"content":{"rendered":"<p> <br \/>\n<\/p>\n<div>\n<p>Previs\u00e3o do tempo do Instituto Nacional de Meteorologia (Inmet) mostra volume de chuva e temperaturas m\u00e1ximas e m\u00ednimas entre esta segunda-feira (7) e a pr\u00f3xima (14). Confira os destaques em cada regi\u00e3o:<\/p>\n<div data-icp-cta=\"1\" id=\"icp-cta-unique\">Voc\u00ea quer entender como usar o clima a seu favor?<b> <\/b><a href=\"https:\/\/climacampo.canalrural.com.br\/climacampo_-01\">Preparamos um e-book exclusivo<\/a> para ajudar produtores rurais a se antecipar \u00e0s mudan\u00e7as do tempo e planejar melhor suas a\u00e7\u00f5es. Com base em previs\u00f5es meteorol\u00f3gicas confi\u00e1veis, ele oferece orienta\u00e7\u00f5es pr\u00e1ticas para proteger sua lavoura e otimizar seus resultados.<\/div>\n<h2 class=\"wp-block-heading\" id=\"h-sul\">Sul<\/h2>\n<p>No Sul do pa\u00eds, haver\u00e1 varia\u00e7\u00e3o de nebulosidade e baixos acumulados de chuva. Devido a passagem de uma frente fria e o posterior transporte de umidade do oceano para a regi\u00e3o, h\u00e1 previs\u00e3o de chuva, principalmente, para o litoral do estado do <strong><a href=\"https:\/\/www.canalrural.com.br\/nacional\/parana\/\">Paran\u00e1<\/a><\/strong> (\u00e1reas em azul escuro do mapa abaixo). O Inmet destaca que a redu\u00e7\u00e3o da umidade relativa do ar no decorrer da semana para grande parte da regi\u00e3o Sul \u00e9 prov\u00e1vel, com destaque para o territ\u00f3rio paranaense, que poder\u00e1 apresentar valores entre 40% e 50% no per\u00edodo da tarde.<\/p>\n<h2 class=\"wp-block-heading\" id=\"h-sudeste\">Sudeste<\/h2>\n<figure class=\"wp-block-image size-full\"><img fetchpriority=\"high\" decoding=\"async\" width=\"371\" height=\"443\" alt=\"mapa de chuva Inmet\" class=\"wp-image-4109135\"  data-lazy- src=\"https:\/\/agromt.news\/wp-content\/uploads\/2025\/07\/veja-a-previsao-da-semana.jpg\"\/><img decoding=\"async\" width=\"371\" height=\"443\" src=\"https:\/\/agromt.news\/wp-content\/uploads\/2025\/07\/veja-a-previsao-da-semana.jpg\" alt=\"mapa de chuva Inmet\" class=\"wp-image-4109135\"  \/><figcaption class=\"wp-element-caption\">Foto: Reprodu\u00e7\u00e3o<\/figcaption><\/figure>\n<p>Devido a passagem de um sistema frontal no oceano e ao transporte de umidade em dire\u00e7\u00e3o ao continente, h\u00e1 previs\u00e3o de chuva, principalmente nas \u00e1reas mais litor\u00e2neas (\u00e1reas em azul escuro, mas com volumes inferiores a 3 mm). Na regi\u00e3o, os maiores acumulados est\u00e3o concentrados no setor nordeste de Minas Gerais e no estado do Esp\u00edrito Santo (tons em azul).<\/p>\n<h2 class=\"wp-block-heading\" id=\"h-centro-oeste\">Centro-Oeste<\/h2>\n<p>No Centro-Oeste e em grande parte da regi\u00e3o Sudeste (em branco), a previs\u00e3o indica predomin\u00e2ncia de tempo est\u00e1vel, sem ocorr\u00eancia de chuva. Al\u00e9m disso, o alerta \u00e9 para a redu\u00e7\u00e3o da umidade relativa do ar, principalmente em todo o Centro-Oeste e nos setores centro-norte de S\u00e3o Paulo e \u00e1reas do sul e oeste de Minas Gerais.<\/p>\n<h2 class=\"wp-block-heading\" id=\"h-nordeste\">Nordeste <\/h2>\n<p>N\u00e3o h\u00e1 previs\u00e3o de chuva no interior do Nordeste, com redu\u00e7\u00e3o da umidade relativa do ar, principalmente no sul do Piau\u00ed e do Maranh\u00e3o, bem como no oeste da Bahia e leste do Rio Grande do Norte. Em \u00e1reas do litoral nordestino, podem ocorrer chuvas acima de 20 mm (tons em verde), principalmente no leste da Bahia, Sergipe e Alagoas, bem com o extremo norte do Maranh\u00e3o.<\/p>\n<h2 class=\"wp-block-heading\" id=\"h-norte\">Norte<\/h2>\n<p>\u00c1reas de instabilidades se concentrar\u00e3o em Roraima, no litoral do Amap\u00e1, extremo oeste do Amazonas e Par\u00e1, com volumes que podem superar os 60 mm (tons em laranja e vermelho), com destaque para os maiores acumulados de chuva da ordem de <strong>100 mm<\/strong>, na regi\u00e3o conhecida como \u201cCabe\u00e7a do Cachorro\u201d. Segundo o Inmet, no Acre, em Rond\u00f4nia, no sul do Amazonas e do Par\u00e1, al\u00e9m do Tocantins, n\u00e3o h\u00e1 previs\u00e3o de chuvas ao longo da semana.<\/p>\n<h2 class=\"wp-block-heading\" id=\"h-temperatura-na-semana\">Temperatura na semana<\/h2>\n<p>M\u00e1ximas elevadas no centro-sul da Regi\u00e3o Norte, norte do Centro-Oeste e oeste do Nordeste ao longo da semana. De acordo com o Inmet, os destaques de <strong>maiores temperaturas<\/strong> est\u00e3o previstos para 13 de julho nas seguintes \u00e1reas:<\/p>\n<ul class=\"wp-block-list\">\n<li>Sudeste do Amazonas<\/li>\n<li>Centro-sul do Par\u00e1 (divisa com o Amazonas)<\/li>\n<li>Norte do Mato Grosso<\/li>\n<li>Norte do Tocantins<\/li>\n<li>Maranh\u00e3o<\/li>\n<li>Centro-norte do Piau\u00ed<\/li>\n<\/ul>\n<p><strong>M\u00e1ximas inferiores a 28\u00b0C previstas para:<\/strong><\/p>\n<ul class=\"wp-block-list\">\n<li>Leste do Nordeste<\/li>\n<li>Parte do Sudeste<\/li>\n<li>Leste do Centro-Oeste<\/li>\n<\/ul>\n<p><strong>M\u00e1ximas inferiores a 22\u00b0C previstas para:<\/strong><\/p>\n<\/div>\n<div>\n<ul class=\"wp-block-list\">\n<li>Rio Grande do Sul<\/li>\n<li>Leste do Paran\u00e1<\/li>\n<li>Leste de S\u00e3o Paulo<\/li>\n<li>Sul de Minas Gerais<\/li>\n<li>Destaque para regi\u00e3o central de Santa Catarina, com m\u00e1ximas abaixo de 18\u00b0C.<\/li>\n<\/ul>\n<p><strong>Temperaturas m\u00ednimas<\/strong><\/p>\n<ul class=\"wp-block-list\">\n<li>M\u00ednimas acima de 22\u00b0C na Regi\u00e3o Norte e norte do Nordeste<\/li>\n<li>M\u00ednimas inferiores a 18\u00b0C predominam no centro-sul do pa\u00eds<\/li>\n<\/ul>\n<p><strong>Massa de ar frio deve provocar m\u00ednimas abaixo de 8\u00b0C:<\/strong><\/p>\n<ul class=\"wp-block-list\">\n<li>Sul do Paran\u00e1<\/li>\n<li>Santa Catarina<\/li>\n<li>Rio Grande do Sul<\/li>\n<li>Possibilidade de geadas em regi\u00f5es de maior altitude.<\/li>\n<\/ul>\n<p><strong>Avan\u00e7o da massa de ar frio<\/strong><\/p>\n<p>Deve avan\u00e7ar durante a semana, causando queda de temperatura em:<\/p>\n<ul class=\"wp-block-list\">\n<li>Centro-Oeste (Goi\u00e1s e leste do Mato Grosso do Sul)<\/li>\n<li>Sudeste<\/li>\n<li>Sul<\/li>\n<\/ul>\n<p><strong>Temperaturas abaixo de 10\u00b0C previstas para:<\/strong><\/p>\n<ul class=\"wp-block-list\">\n<li>Centro-sul de Minas Gerais<\/li>\n<li>S\u00e3o Paulo<\/li>\n<\/ul>\n<p>Maiores quedas previstas para os dias <strong>9 e 10 de julho<\/strong> no Sudeste e Sul.<\/p>\n<\/p><\/div>\n<p><br \/>\n<br \/><a href=\"https:\/\/www.canalrural.com.br\/tempo\/chuva-de-100-mm-e-frente-fria-mantendo-temperaturas-baixas-veja-a-previsao-da-semana\/\">Source link <\/a><\/p>\n","protected":false},"excerpt":{"rendered":"<p>Previs\u00e3o do tempo do Instituto Nacional de Meteorologia (Inmet) mostra volume de chuva e temperaturas m\u00e1ximas e m\u00ednimas entre esta<\/p>\n","protected":false},"author":1,"featured_media":16327,"comment_status":"open","ping_status":"open","sticky":false,"template":"","format":"standard","meta":{"_monsterinsights_skip_tracking":false,"_monsterinsights_sitenote_active":false,"_monsterinsights_sitenote_note":"","_monsterinsights_sitenote_category":0,"_uf_show_specific_survey":0,"_uf_disable_surveys":false,"footnotes":""},"categories":[1],"tags":[],"class_list":["post-16326","post","type-post","status-publish","format-standard","has-post-thumbnail","hentry","category-news"],"_links":{"self":[{"href":"https:\/\/agromt.news\/index.php?rest_route=\/wp\/v2\/posts\/16326"}],"collection":[{"href":"https:\/\/agromt.news\/index.php?rest_route=\/wp\/v2\/posts"}],"about":[{"href":"https:\/\/agromt.news\/index.php?rest_route=\/wp\/v2\/types\/post"}],"author":[{"embeddable":true,"href":"https:\/\/agromt.news\/index.php?rest_route=\/wp\/v2\/users\/1"}],"replies":[{"embeddable":true,"href":"https:\/\/agromt.news\/index.php?rest_route=%2Fwp%2Fv2%2Fcomments&post=16326"}],"version-history":[{"count":0,"href":"https:\/\/agromt.news\/index.php?rest_route=\/wp\/v2\/posts\/16326\/revisions"}],"wp:featuredmedia":[{"embeddable":true,"href":"https:\/\/agromt.news\/index.php?rest_route=\/wp\/v2\/media\/16327"}],"wp:attachment":[{"href":"https:\/\/agromt.news\/index.php?rest_route=%2Fwp%2Fv2%2Fmedia&parent=16326"}],"wp:term":[{"taxonomy":"category","embeddable":true,"href":"https:\/\/agromt.news\/index.php?rest_route=%2Fwp%2Fv2%2Fcategories&post=16326"},{"taxonomy":"post_tag","embeddable":true,"href":"https:\/\/agromt.news\/index.php?rest_route=%2Fwp%2Fv2%2Ftags&post=16326"}],"curies":[{"name":"wp","href":"https:\/\/api.w.org\/{rel}","templated":true}]}}