{"id":16324,"date":"2025-07-07T17:48:19","date_gmt":"2025-07-07T21:48:19","guid":{"rendered":"https:\/\/agromt.news\/?p=16324"},"modified":"2025-07-07T17:48:19","modified_gmt":"2025-07-07T21:48:19","slug":"onde-chove-onde-tera-seca-e-onde-o-calor-volta-a-aparecer","status":"publish","type":"post","link":"https:\/\/agromt.news\/?p=16324","title":{"rendered":"onde chove, onde ter\u00e1 seca e onde o calor volta a aparecer"},"content":{"rendered":"<p> <br \/>\n<br \/><img decoding=\"async\" src=\"https:\/\/agromt.news\/wp-content\/uploads\/2025\/07\/onde-chove-onde-tera-seca-e-onde-o-calor-volta.jpg\" \/><\/p>\n<div>\n<p>O <a href=\"https:\/\/www.canalrural.com.br\/?s=chuvas\">cen\u00e1rio h\u00eddrico<\/a> nas regi\u00f5es mais centrais do Brasil segue preocupante. Segundo o mapa, nos pr\u00f3ximos dias de julho, a \u00e1gua dispon\u00edvel no solo em \u00e1reas como o Centro-Oeste, Matopiba, interior paulista e boa parte de Minas Gerais est\u00e1, no m\u00e1ximo, em 40%. A aus\u00eancia prolongada de chuvas \u00e9 refor\u00e7ada pela atua\u00e7\u00e3o de um sistema de alta press\u00e3o no Sudeste, que mant\u00e9m o tempo firme e seco em grande parte dessas \u00e1reas.<\/p>\n<figure class=\"wp-block-embed is-type-video is-provider-youtube wp-block-embed-youtube wp-embed-aspect-16-9 wp-has-aspect-ratio\">\n<p>\n<iframe title=\"Julho come\u00e7a seco e inst\u00e1vel: onde chove, onde ter\u00e1 seca e onde o calor volta a aparecer\" width=\"800\" height=\"450\" src=\"https:\/\/www.youtube.com\/embed\/b7jNyTCEr7M?feature=oembed\" frameborder=\"0\" allow=\"accelerometer; autoplay; clipboard-write; encrypted-media; gyroscope; picture-in-picture; web-share\" referrerpolicy=\"strict-origin-when-cross-origin\" allowfullscreen><\/iframe><noscript><iframe title=\"Julho come\u00e7a seco e inst\u00e1vel: onde chove, onde ter\u00e1 seca e onde o calor volta a aparecer\" width=\"800\" height=\"450\" src=\"https:\/\/www.youtube.com\/embed\/b7jNyTCEr7M?feature=oembed\" frameborder=\"0\" allow=\"accelerometer; autoplay; clipboard-write; encrypted-media; gyroscope; picture-in-picture; web-share\" referrerpolicy=\"strict-origin-when-cross-origin\" allowfullscreen><\/iframe><\/noscript>\n<\/p>\n<\/figure>\n<ul class=\"wp-block-list\">\n<li><strong><em>Fique por dentro das novidades e not\u00edcias recentes sobre a soja! Participe da nossa comunidade atrav\u00e9s do\u00a0<a href=\"https:\/\/chat.whatsapp.com\/BmMRwA0TZ2DHGyhzoaVEWu\">link<\/a><\/em><\/strong>!<\/li>\n<\/ul>\n<p>Esse padr\u00e3o de tempo seco tem favorecido o avan\u00e7o das atividades com a soja, embora a vegeta\u00e7\u00e3o, especialmente o capim, j\u00e1 mostre sinais de ressecamento. As plantas, de modo geral, est\u00e3o ficando mais secas, o que pode impactar a produtividade agr\u00edcola em breve.<\/p>\n<p>Em contrapartida, o Norte do pa\u00eds e a faixa leste do Nordeste registram chuvas mais frequentes. No entanto, os volumes, especialmente no Nordeste, t\u00eam sido pouco expressivos. Em Roraima, por exemplo, os acumulados entre 70 mm e 80 mm n\u00e3o s\u00e3o ideais para o momento da safra da soja no norte do estado.<\/p>\n<\/div>\n<div>\n<h2 class=\"wp-block-heading\" id=\"h-e-o-frio-em-julho\">E o frio em julho?<\/h2>\n<p>A previs\u00e3o para os pr\u00f3ximos dias, entre 13 e 17 de julho, indica a continuidade das chuvas em Roraima, em partes do Norte e na costa leste do Nordeste. J\u00e1 a regi\u00e3o central do pa\u00eds deve seguir sob tempo seco, sem previs\u00e3o de mudan\u00e7as.<\/p>\n<p>Outro destaque \u00e9 a onda de frio que afetou o Sul do Brasil e causou preju\u00edzos na agricultura. Esse evento terminou por volta do dia 4 de julho. Desde ent\u00e3o, as manh\u00e3s seguem com temperaturas mais baixas, principalmente no interior de S\u00e3o Paulo e no Sul de Minas Gerais. <\/p>\n<p>No per\u00edodo da tarde, o calor volta a ganhar for\u00e7a, especialmente em Minas, Mato Grosso do Sul e interior paulista. J\u00e1 no Sul e em \u00e1reas da metade sul do estado de S\u00e3o Paulo, os dias t\u00eam sido mais frescos, com grande amplitude t\u00e9rmica entre manh\u00e3 e tarde.<\/p>\n<\/p><\/div>\n<p><br \/>\n<br \/><a href=\"https:\/\/www.canalrural.com.br\/agricultura\/projeto-soja-brasil\/julho-comeca-seco-e-instavel-onde-chove-onde-tera-seca-e-onde-o-calor-volta-a-aparecer\/\">Source link <\/a><\/p>\n","protected":false},"excerpt":{"rendered":"<p>O cen\u00e1rio h\u00eddrico nas regi\u00f5es mais centrais do Brasil segue preocupante. Segundo o mapa, nos pr\u00f3ximos dias de julho, a<\/p>\n","protected":false},"author":1,"featured_media":16325,"comment_status":"open","ping_status":"open","sticky":false,"template":"","format":"standard","meta":{"_monsterinsights_skip_tracking":false,"_monsterinsights_sitenote_active":false,"_monsterinsights_sitenote_note":"","_monsterinsights_sitenote_category":0,"_uf_show_specific_survey":0,"_uf_disable_surveys":false,"footnotes":""},"categories":[1],"tags":[],"class_list":["post-16324","post","type-post","status-publish","format-standard","has-post-thumbnail","hentry","category-news"],"_links":{"self":[{"href":"https:\/\/agromt.news\/index.php?rest_route=\/wp\/v2\/posts\/16324"}],"collection":[{"href":"https:\/\/agromt.news\/index.php?rest_route=\/wp\/v2\/posts"}],"about":[{"href":"https:\/\/agromt.news\/index.php?rest_route=\/wp\/v2\/types\/post"}],"author":[{"embeddable":true,"href":"https:\/\/agromt.news\/index.php?rest_route=\/wp\/v2\/users\/1"}],"replies":[{"embeddable":true,"href":"https:\/\/agromt.news\/index.php?rest_route=%2Fwp%2Fv2%2Fcomments&post=16324"}],"version-history":[{"count":0,"href":"https:\/\/agromt.news\/index.php?rest_route=\/wp\/v2\/posts\/16324\/revisions"}],"wp:featuredmedia":[{"embeddable":true,"href":"https:\/\/agromt.news\/index.php?rest_route=\/wp\/v2\/media\/16325"}],"wp:attachment":[{"href":"https:\/\/agromt.news\/index.php?rest_route=%2Fwp%2Fv2%2Fmedia&parent=16324"}],"wp:term":[{"taxonomy":"category","embeddable":true,"href":"https:\/\/agromt.news\/index.php?rest_route=%2Fwp%2Fv2%2Fcategories&post=16324"},{"taxonomy":"post_tag","embeddable":true,"href":"https:\/\/agromt.news\/index.php?rest_route=%2Fwp%2Fv2%2Ftags&post=16324"}],"curies":[{"name":"wp","href":"https:\/\/api.w.org\/{rel}","templated":true}]}}