{"id":16320,"date":"2025-07-07T17:20:50","date_gmt":"2025-07-07T21:20:50","guid":{"rendered":"https:\/\/agromt.news\/?p=16320"},"modified":"2025-07-07T17:20:50","modified_gmt":"2025-07-07T21:20:50","slug":"precisamos-parar-de-ter-vergonha-do-agro-diz-novo-secretario-executivo-da-agricultura-de-sp","status":"publish","type":"post","link":"https:\/\/agromt.news\/?p=16320","title":{"rendered":"&#8216;Precisamos parar de ter vergonha do agro&#8217;, diz novo secret\u00e1rio-executivo da Agricultura de SP"},"content":{"rendered":"<p> <br \/>\n<br \/><img decoding=\"async\" src=\"https:\/\/agromt.news\/wp-content\/uploads\/2025\/07\/Precisamos-parar-de-ter-vergonha-do-agro-diz-novo-secretario-executivo.png\" \/><\/p>\n<div>\n<p>O engenheiro agr\u00f4nomo e produtor rural Alberto Amorim assumiu como secret\u00e1rio-executivo da Secretaria de Agricultura de <strong><a href=\"http:\/\/www.canalrural.com.br\/tag\/sao-paulo\/\">S\u00e3o Paulo<\/a><\/strong> com um recado claro: o agroneg\u00f3cio precisa parar de ter vergonha de ser bom e deve buscar se tornar cada vez mais agroindustrial. <\/p>\n<p>Amorim, que estava h\u00e1 mais de dez anos na secretaria e ocupava a coordena\u00e7\u00e3o da assessoria t\u00e9cnica, foi escolhido pelo secret\u00e1rio Guilherme Piai e pelo governador Tarc\u00edsio de Freitas para ocupar o novo cargo.<\/p>\n<p>\u201cFoi uma honra muito grande, porque mostra o vi\u00e9s t\u00e9cnico que o governador e o secret\u00e1rio querem dar \u00e0 pasta. N\u00e3o \u00e9 s\u00f3 discurso, \u00e9 estrat\u00e9gia de verdade\u201d, destacou, em entrevista \u00e0 editora-executiva do telejornal Luiza Cardoso Costa. Segundo ele, a escolha de t\u00e9cnicos para cargos de lideran\u00e7a refor\u00e7a o compromisso de avan\u00e7ar em programas estruturantes para o agro paulista.<\/p>\n<\/div>\n<div>\n<p>Sobre o Plano Safra 2024\/25, Amorim considera positivo haver recursos destinados ao agro, mas acredita que o montante ainda seja insuficiente. \u201cSempre falam que o agro \u00e9 subsidiado demais, mas, se compararmos com o resto do mundo, \u00e9 muito menos. Mesmo assim, o Plano Safra \u00e9 pouco para o que a gente precisa, principalmente para o pequeno e m\u00e9dio produtor\u201d, disse.<\/p>\n<p>Amorim afirma que esses produtores n\u00e3o conseguem modernizar sua produ\u00e7\u00e3o nem implementar inova\u00e7\u00f5es. \u201cEles continuam fazendo o mesmo. Precisamos de dinheiro aliado a planos realmente estruturantes para fazer mudan\u00e7a\u201d, disse. Ele defende que pr\u00f3ximos planos safras tenham mais di\u00e1logo com estados como S\u00e3o Paulo, que j\u00e1 desenvolvem pol\u00edticas p\u00fablicas voltadas a melhorar a qualidade e a produtividade no campo.<\/p>\n<p>Entre as mudan\u00e7as promovidas no estado est\u00e1 o novo modelo de financiamento do Feap com juros subsidiados, alcan\u00e7ando mais produtores de forma mais barata, al\u00e9m de ajustes nos seguros rurais. \u201cAinda \u00e9 pouco, mas deve crescer\u201d, disse.<\/p>\n<p>Para Amorim, o Brasil precisa entender sua voca\u00e7\u00e3o agr\u00edcola e fortalecer a agroind\u00fastria. \u201cTem lugar no Brasil que tira tr\u00eas safras por ano com irriga\u00e7\u00e3o. Por que a gente tem vergonha disso? O Plano Safra deveria ser o programa mais importante da federa\u00e7\u00e3o, porque o agro trabalha sete dias por semana, 24 horas por dia, sem telhado e, em muitos casos, sem energia el\u00e9trica.\u201d<\/p>\n<\/p><\/div>\n<p><br \/>\n<br \/><a href=\"https:\/\/www.canalrural.com.br\/agricultura\/precisamos-parar-de-ter-vergonha-do-agro-diz-novo-secretario-executivo-da-agricultura-de-sp\/\">Source link <\/a><\/p>\n","protected":false},"excerpt":{"rendered":"<p>O engenheiro agr\u00f4nomo e produtor rural Alberto Amorim assumiu como secret\u00e1rio-executivo da Secretaria de Agricultura de S\u00e3o Paulo com um<\/p>\n","protected":false},"author":1,"featured_media":16321,"comment_status":"open","ping_status":"open","sticky":false,"template":"","format":"standard","meta":{"_monsterinsights_skip_tracking":false,"_monsterinsights_sitenote_active":false,"_monsterinsights_sitenote_note":"","_monsterinsights_sitenote_category":0,"_uf_show_specific_survey":0,"_uf_disable_surveys":false,"footnotes":""},"categories":[1],"tags":[],"class_list":["post-16320","post","type-post","status-publish","format-standard","has-post-thumbnail","hentry","category-news"],"_links":{"self":[{"href":"https:\/\/agromt.news\/index.php?rest_route=\/wp\/v2\/posts\/16320"}],"collection":[{"href":"https:\/\/agromt.news\/index.php?rest_route=\/wp\/v2\/posts"}],"about":[{"href":"https:\/\/agromt.news\/index.php?rest_route=\/wp\/v2\/types\/post"}],"author":[{"embeddable":true,"href":"https:\/\/agromt.news\/index.php?rest_route=\/wp\/v2\/users\/1"}],"replies":[{"embeddable":true,"href":"https:\/\/agromt.news\/index.php?rest_route=%2Fwp%2Fv2%2Fcomments&post=16320"}],"version-history":[{"count":0,"href":"https:\/\/agromt.news\/index.php?rest_route=\/wp\/v2\/posts\/16320\/revisions"}],"wp:featuredmedia":[{"embeddable":true,"href":"https:\/\/agromt.news\/index.php?rest_route=\/wp\/v2\/media\/16321"}],"wp:attachment":[{"href":"https:\/\/agromt.news\/index.php?rest_route=%2Fwp%2Fv2%2Fmedia&parent=16320"}],"wp:term":[{"taxonomy":"category","embeddable":true,"href":"https:\/\/agromt.news\/index.php?rest_route=%2Fwp%2Fv2%2Fcategories&post=16320"},{"taxonomy":"post_tag","embeddable":true,"href":"https:\/\/agromt.news\/index.php?rest_route=%2Fwp%2Fv2%2Ftags&post=16320"}],"curies":[{"name":"wp","href":"https:\/\/api.w.org\/{rel}","templated":true}]}}