{"id":16314,"date":"2025-07-07T16:39:13","date_gmt":"2025-07-07T20:39:13","guid":{"rendered":"https:\/\/agromt.news\/?p=16314"},"modified":"2025-07-07T16:39:13","modified_gmt":"2025-07-07T20:39:13","slug":"soja-fortalece-saude-de-alunos-da-apae-em-mt","status":"publish","type":"post","link":"https:\/\/agromt.news\/?p=16314","title":{"rendered":"soja fortalece sa\u00fade de alunos da Apae, em MT"},"content":{"rendered":"<p> <br \/>\n<br \/><img decoding=\"async\" src=\"https:\/\/agromt.news\/wp-content\/uploads\/2025\/07\/soja-fortalece-saude-de-alunos-da-Apae-em-MT.jpg\" \/><\/p>\n<div>\n<p>A soja tem mostrado sua for\u00e7a al\u00e9m das lavouras, pois, em Marcel\u00e2ndia (MT), a <a href=\"https:\/\/www.canalrural.com.br\/?s=soja\">oleaginosa <\/a>tamb\u00e9m est\u00e1 presente em espa\u00e7os onde o cuidado e a aten\u00e7\u00e3o s\u00e3o fatores que caminham juntos. Na Escola Especial Renascer, mantida pela Associa\u00e7\u00e3o de Pais e Amigos dos Excepcionais (Apae) do munic\u00edpio, a nutri\u00e7\u00e3o virou aliada da inclus\u00e3o. A unidade, que atende 125 alunos com defici\u00eancia intelectual ou m\u00faltipla, oferece muito mais que ensino: promove sa\u00fade, acolhimento e desenvolvimento integral.<\/p>\n<ul class=\"wp-block-list\">\n<li><strong><em>Fique por dentro das novidades e not\u00edcias recentes sobre a soja! Participe da nossa comunidade atrav\u00e9s do\u00a0<a href=\"https:\/\/chat.whatsapp.com\/BmMRwA0TZ2DHGyhzoaVEWu\">link<\/a><\/em><\/strong>!<\/li>\n<\/ul>\n<p>Com 26 anos de hist\u00f3ria no munic\u00edpio, a institui\u00e7\u00e3o disponibiliza servi\u00e7os como fisioterapia, fonoaudiologia, psicologia e atividades que estimulam o avan\u00e7o motor e cognitivo dos estudantes. E, recentemente, um refor\u00e7o importante chegou para somar: a inclus\u00e3o da bebida de soja no card\u00e1pio, fortalecendo a alimenta\u00e7\u00e3o dos alunos e contribuindo para uma rotina ainda mais saud\u00e1vel.<\/p>\n<p>O produto passou a ser utilizado no caf\u00e9 da manh\u00e3 e no lanche da tarde, sendo a base de vitaminas com frutas, ch\u00e1s e outras prepara\u00e7\u00f5es. O impacto foi imediato. Casos de desnutri\u00e7\u00e3o severa entre os alunos, que preocupavam a equipe nutricional, passaram a regredir. Segundo a diretora da associa\u00e7\u00e3o, M\u00e1rcia Rosalva da Silva Alves, a bebida teve \u00f3tima aceita\u00e7\u00e3o e contribuiu diretamente para o ganho de peso e o fortalecimento do sistema imunol\u00f3gico dos atendidos.<\/p>\n<\/div>\n<div>\n<h2 class=\"wp-block-heading\" id=\"h-programa-agrosolidario\">Programa Agrosolid\u00e1rio <\/h2>\n<p>A mudan\u00e7a s\u00f3 foi poss\u00edvel gra\u00e7as ao apoio do programa Agrosolid\u00e1rio, da Associa\u00e7\u00e3o dos Produtores de Soja e Milho de Mato Grosso (<a href=\"https:\/\/aprosoja.com.br\/\">Aprosoja MT<\/a>), que passou a fornecer regularmente a bebida \u00e0 escola. Para a presidente da Apae, Silvania Garcia Miranda Martins, a parceria \u00e9 fruto de um olhar atento e sens\u00edvel da entidade para as necessidades da comunidade.<\/p>\n<p>\u201cA associa\u00e7\u00e3o est\u00e1 bem estruturada gra\u00e7as \u00e0 comunidade, ao poder p\u00fablico e a institui\u00e7\u00f5es como a Aprosoja MT, que nos enxerga com carinho. Essa parceria fez e faz a diferen\u00e7a na vida de muitos alunos\u201d, afirma.<\/p>\n<p>A cozinheira Ivanilza Alvez de Lima v\u00ea os resultados de perto: \u201cUm aluno em especial mal conseguia andar, era muito fraquinho. Depois que passou a tomar a bebida com as vitaminas e seguir a estimula\u00e7\u00e3o aqui, ganhou massa muscular e hoje j\u00e1 caminha com autonomia\u201d, relata.<\/p>\n<p>Para a equipe, a bebida de soja representa mais do que um complemento alimentar: \u00e9 uma ferramenta de transforma\u00e7\u00e3o social e humana. J\u00e1 para a Aprosoja MT, \u00e9 uma forma de devolver \u00e0 sociedade parte do valor gerado no campo, com responsabilidade e solidariedade.<\/p>\n<\/p><\/div>\n<p><br \/>\n<br \/><a href=\"https:\/\/www.canalrural.com.br\/agricultura\/projeto-soja-brasil\/mais-que-lavoura-soja-fortalece-saude-de-alunos-da-apae-em-mt\/\">Source link <\/a><\/p>\n","protected":false},"excerpt":{"rendered":"<p>A soja tem mostrado sua for\u00e7a al\u00e9m das lavouras, pois, em Marcel\u00e2ndia (MT), a oleaginosa tamb\u00e9m est\u00e1 presente em espa\u00e7os<\/p>\n","protected":false},"author":1,"featured_media":16315,"comment_status":"open","ping_status":"open","sticky":false,"template":"","format":"standard","meta":{"_monsterinsights_skip_tracking":false,"_monsterinsights_sitenote_active":false,"_monsterinsights_sitenote_note":"","_monsterinsights_sitenote_category":0,"_uf_show_specific_survey":0,"_uf_disable_surveys":false,"footnotes":""},"categories":[1],"tags":[],"class_list":["post-16314","post","type-post","status-publish","format-standard","has-post-thumbnail","hentry","category-news"],"_links":{"self":[{"href":"https:\/\/agromt.news\/index.php?rest_route=\/wp\/v2\/posts\/16314"}],"collection":[{"href":"https:\/\/agromt.news\/index.php?rest_route=\/wp\/v2\/posts"}],"about":[{"href":"https:\/\/agromt.news\/index.php?rest_route=\/wp\/v2\/types\/post"}],"author":[{"embeddable":true,"href":"https:\/\/agromt.news\/index.php?rest_route=\/wp\/v2\/users\/1"}],"replies":[{"embeddable":true,"href":"https:\/\/agromt.news\/index.php?rest_route=%2Fwp%2Fv2%2Fcomments&post=16314"}],"version-history":[{"count":0,"href":"https:\/\/agromt.news\/index.php?rest_route=\/wp\/v2\/posts\/16314\/revisions"}],"wp:featuredmedia":[{"embeddable":true,"href":"https:\/\/agromt.news\/index.php?rest_route=\/wp\/v2\/media\/16315"}],"wp:attachment":[{"href":"https:\/\/agromt.news\/index.php?rest_route=%2Fwp%2Fv2%2Fmedia&parent=16314"}],"wp:term":[{"taxonomy":"category","embeddable":true,"href":"https:\/\/agromt.news\/index.php?rest_route=%2Fwp%2Fv2%2Fcategories&post=16314"},{"taxonomy":"post_tag","embeddable":true,"href":"https:\/\/agromt.news\/index.php?rest_route=%2Fwp%2Fv2%2Ftags&post=16314"}],"curies":[{"name":"wp","href":"https:\/\/api.w.org\/{rel}","templated":true}]}}