{"id":16304,"date":"2025-07-07T14:58:07","date_gmt":"2025-07-07T18:58:07","guid":{"rendered":"https:\/\/agromt.news\/?p=16304"},"modified":"2025-07-07T14:58:07","modified_gmt":"2025-07-07T18:58:07","slug":"soja-ainda-enfrenta-desafios","status":"publish","type":"post","link":"https:\/\/agromt.news\/?p=16304","title":{"rendered":"Soja ainda enfrenta desafios"},"content":{"rendered":"<p> <br \/>\n<\/p>\n<div>\n<p>A <a href=\"https:\/\/www.agrolink.com.br\/culturas\/soja?utm_source=agrolink-detalhe-noticia&amp;utm_medium=detalhe-noticia&amp;utm_campaign=links-internos\" target=\"_blank\" rel=\"noopener\">soja<\/a> ga\u00facha encara desafios de comercializa\u00e7\u00e3o e armazenamento ap\u00f3s estiagem severa, segundo informa\u00e7\u00f5es da TF Agroecon\u00f4mica. \u201cPre\u00e7os reportados no julho (entrega julho e pagamento 30\/07) ficaram em R$ 137,50 porto. No interior os pre\u00e7os de f\u00e1bricas seguiram o balizamento de cada pra\u00e7a. R$ 131,00 Cruz Alta \u2013 Pgto. 30\/07 \u2013 para exportador, R$ 129,00 Passo Fundo \u2013 Pgto. fim de agosto, R$ 129,00 Ijui\u00b4 \u2013 Pgto. 30\/08 \u2013 para f\u00e1brica, R$ 130,00 Santa Rosa \/ S\u00e3o Luiz \u2013 Pgto. 24\/08. Pre\u00e7os de pedra em Panambi ca\u00edram para R$ 118,00 a saca ao produtor\u201d, comenta.&#13;\n<\/p>\n<p>Santa Catarina foca em log\u00edstica e cr\u00e9dito rural para garantir fluidez no mercado de soja. \u201cA comercializa\u00e7\u00e3o da soja em Santa Catarina avan\u00e7a de forma lenta, pressionada pela queda dos pr\u00eamios de exporta\u00e7\u00e3o e pelas cota\u00e7\u00f5es internacionais mais baixas, enquanto produtores mant\u00eam cautela e buscam estrat\u00e9gias para armazenar a safra e negociar em melhores condi\u00e7\u00f5es. No porto de S\u00e3o Francisco, a saca de soja \u00e9 cotada a R$ 135,91 (+0,98%)\u201d, completa.<\/p>\n<p>Armazenagem e custos log\u00edsticos desafiam a comercializa\u00e7\u00e3o da soja no Paran\u00e1. \u201cEm Paranagu\u00e1, o pre\u00e7o chegou R$ 134,13 (-0,61%). Em Cascavel, o pre\u00e7o foi 121,47 (+0,81%). Em Maring\u00e1, o pre\u00e7o foi de R$ 123,23 (+1,28%). Em Ponta Grossa o pre\u00e7o foi a R$ 122,92 (-0,61%) por saca FOB, Pato Branco o pre\u00e7o foi R$135,91 (+0,98%). No balc\u00e3o, os pre\u00e7os em Ponta Grossa ficaram em R$ 118,00\u201d, indica.&#13;\n<\/p>\n<p>A infraestrutura de armazenagem limita os ganhos da soja em Mato Grosso do Sul. \u201cEm Mato Grosso do Sul, a colheita da soja foi conclu\u00edda com resultados expressivos, alcan\u00e7ando cerca de 4,5 milh\u00f5es de hectares e uma produ\u00e7\u00e3o de 14,7 milh\u00f5es de toneladas, aumento consider\u00e1vel em rela\u00e7\u00e3o ao ciclo anterior. Em Dourados, o spot da soja ficou em R$ 120,13 (+0,29%), Campo Grande em R$ 120,13 (0,29%), Maracaju em R$ 120,13 (0,29%), Chapad\u00e3o do Sul a R$ 107,62 (+0,08%), Sidrol\u00e2ndia a em R$ 120,13 (+0,29%)\u201d, informa.<\/p>\n<p>Mato Grosso mant\u00e9m alerta com custos e gargalos log\u00edsticos. \u201cO armazenamento continua sendo um grande entrave, com d\u00e9ficit estimado em 45 milh\u00f5es de toneladas para soja e milho, obrigando parte dos agricultores a recorrer a silo bags ou armazenamento a c\u00e9u aberto. Campo Verde: R$ 114,85 (-4,67%). Lucas do Rio Verde: R$ 111,92, Nova Mutum: R$ 111,92. Primavera do Leste: R$ 115,29. Rondon\u00f3polis: R$ 115,47. Sorriso: R$ 111,92\u201d, conclui.<br \/>&#13;<br \/>\n\u00a0&#13;\n<\/p>\n<\/p><\/div>\n<p><script data-cfasync=\"false\">\n    !function (f, b, e, v, n, t, s) {\n        if (f.fbq) return; n = f.fbq = function () {\n            n.callMethod ?\n                n.callMethod.apply(n, arguments) : n.queue.push(arguments)\n        };\n        if (!f._fbq) f._fbq = n; n.push = n; n.loaded = !0; n.version = '2.0';\n        n.queue = []; t = b.createElement(e); t.async = !0;\n        t.src = v; s = b.getElementsByTagName(e)[0];\n        s.parentNode.insertBefore(t, s)\n    }(window, document, 'script',\n        'https:\/\/connect.facebook.net\/en_US\/fbevents.js');\n    fbq('init', '522546078623747');\n    fbq('track', 'PageView');\n<\/script><br \/>\n<br \/><br \/>\n<br \/><a href=\"https:\/\/www.agrolink.com.br\/noticias\/soja-ainda-enfrenta-desafios_503626.html\">Source link <\/a><\/p>\n","protected":false},"excerpt":{"rendered":"<p>A soja ga\u00facha encara desafios de comercializa\u00e7\u00e3o e armazenamento ap\u00f3s estiagem severa, segundo informa\u00e7\u00f5es da TF Agroecon\u00f4mica. \u201cPre\u00e7os reportados no<\/p>\n","protected":false},"author":1,"featured_media":2040,"comment_status":"open","ping_status":"open","sticky":false,"template":"","format":"standard","meta":{"_monsterinsights_skip_tracking":false,"_monsterinsights_sitenote_active":false,"_monsterinsights_sitenote_note":"","_monsterinsights_sitenote_category":0,"_uf_show_specific_survey":0,"_uf_disable_surveys":false,"footnotes":""},"categories":[8,1,14],"tags":[],"class_list":["post-16304","post","type-post","status-publish","format-standard","has-post-thumbnail","hentry","category-agro","category-news","category-politica-agro"],"_links":{"self":[{"href":"https:\/\/agromt.news\/index.php?rest_route=\/wp\/v2\/posts\/16304"}],"collection":[{"href":"https:\/\/agromt.news\/index.php?rest_route=\/wp\/v2\/posts"}],"about":[{"href":"https:\/\/agromt.news\/index.php?rest_route=\/wp\/v2\/types\/post"}],"author":[{"embeddable":true,"href":"https:\/\/agromt.news\/index.php?rest_route=\/wp\/v2\/users\/1"}],"replies":[{"embeddable":true,"href":"https:\/\/agromt.news\/index.php?rest_route=%2Fwp%2Fv2%2Fcomments&post=16304"}],"version-history":[{"count":0,"href":"https:\/\/agromt.news\/index.php?rest_route=\/wp\/v2\/posts\/16304\/revisions"}],"wp:featuredmedia":[{"embeddable":true,"href":"https:\/\/agromt.news\/index.php?rest_route=\/wp\/v2\/media\/2040"}],"wp:attachment":[{"href":"https:\/\/agromt.news\/index.php?rest_route=%2Fwp%2Fv2%2Fmedia&parent=16304"}],"wp:term":[{"taxonomy":"category","embeddable":true,"href":"https:\/\/agromt.news\/index.php?rest_route=%2Fwp%2Fv2%2Fcategories&post=16304"},{"taxonomy":"post_tag","embeddable":true,"href":"https:\/\/agromt.news\/index.php?rest_route=%2Fwp%2Fv2%2Ftags&post=16304"}],"curies":[{"name":"wp","href":"https:\/\/api.w.org\/{rel}","templated":true}]}}