{"id":16302,"date":"2025-07-07T14:32:00","date_gmt":"2025-07-07T18:32:00","guid":{"rendered":"https:\/\/agromt.news\/?p=16302"},"modified":"2025-07-07T14:32:00","modified_gmt":"2025-07-07T18:32:00","slug":"cuidado-com-as-vacas-na-seca-garante-mais-bezerros-saudaveis-na-proxima-estacao","status":"publish","type":"post","link":"https:\/\/agromt.news\/?p=16302","title":{"rendered":"Cuidado com as vacas na seca garante mais bezerros saud\u00e1veis na pr\u00f3xima esta\u00e7\u00e3o"},"content":{"rendered":"<p> <br \/>\n<\/p>\n<div>\n<p>Durante a seca, o olhar atento do pecuarista sobre o rebanho pode ser a diferen\u00e7a entre uma esta\u00e7\u00e3o de monta produtiva ou preju\u00edzo na pr\u00f3xima safra de bezerros. A sa\u00fade reprodutiva das vacas no inverno, especialmente no ter\u00e7o final da gesta\u00e7\u00e3o, exige aten\u00e7\u00e3o redobrada. <strong>Para um planejamento sanit\u00e1rio eficaz e para garantir a sa\u00fade reprodutiva do seu rebanho, assista \u00e0 entrevista completa abaixo!<\/strong><\/p>\n<figure class=\"wp-block-embed is-type-video is-provider-youtube wp-block-embed-youtube wp-embed-aspect-16-9 wp-has-aspect-ratio\">\n<p>\n<iframe title=\"SA\u00daDE REPRODUTIVA: CUIDADO COM AS VACAS NA SECA GARANTE O FUTURO DA CRIA! ENTENDA\" width=\"800\" height=\"450\" src=\"https:\/\/www.youtube.com\/embed\/F5E_ZAsp8HE?feature=oembed\" frameborder=\"0\" allow=\"accelerometer; autoplay; clipboard-write; encrypted-media; gyroscope; picture-in-picture; web-share\" referrerpolicy=\"strict-origin-when-cross-origin\" allowfullscreen><\/iframe><noscript><iframe title=\"SA\u00daDE REPRODUTIVA: CUIDADO COM AS VACAS NA SECA GARANTE O FUTURO DA CRIA! ENTENDA\" width=\"800\" height=\"450\" src=\"https:\/\/www.youtube.com\/embed\/F5E_ZAsp8HE?feature=oembed\" frameborder=\"0\" allow=\"accelerometer; autoplay; clipboard-write; encrypted-media; gyroscope; picture-in-picture; web-share\" referrerpolicy=\"strict-origin-when-cross-origin\" allowfullscreen><\/iframe><\/noscript>\n<\/p>\n<\/figure>\n<p>O programa <em>Giro do Boi<\/em> desta segunda-feira (7) trouxe uma entrevista esclarecedora com o m\u00e9dico-veterin\u00e1rio Thiago Pantoja, assistente t\u00e9cnico da Zoetis, que deu um panorama completo sobre os cuidados essenciais nesse per\u00edodo cr\u00edtico.<\/p>\n<h2 class=\"wp-block-heading\" id=\"h-o-desafio-da-seca-para-vacas-prenhes\">O desafio da seca para vacas prenhes<\/h2>\n<p>O inverno tem castigado o Mato Grosso do Sul com geadas e pastagens secas, reduzindo a oferta de nutrientes justamente no momento em que a maioria das fazendas est\u00e1 com vacas prenhes.<\/p>\n<p>A perda de escore corporal nessa fase pode comprometer n\u00e3o s\u00f3 a pari\u00e7\u00e3o como tamb\u00e9m a reconcep\u00e7\u00e3o para a pr\u00f3xima esta\u00e7\u00e3o de monta, que se inicia na primavera.<\/p>\n<blockquote class=\"wp-block-quote is-layout-flow wp-block-quote-is-layout-flow\">\n<p>\u201c\u00c9 fundamental que as vacas cheguem ao parto com boa condi\u00e7\u00e3o corporal. Isso facilita a reconcep\u00e7\u00e3o e aumenta as chances de emprenhar cedo na esta\u00e7\u00e3o seguinte\u201d, alertou Pantoja.<\/p>\n<\/blockquote>\n<h2 class=\"wp-block-heading\" id=\"h-vacinacao-e-vermifugacao-na-reta-final-da-gestacao\">Vacina\u00e7\u00e3o e vermifuga\u00e7\u00e3o na reta final da gesta\u00e7\u00e3o<\/h2>\n<figure class=\"wp-block-image size-large\"><img fetchpriority=\"high\" decoding=\"async\" width=\"1024\" height=\"576\" alt=\"\" class=\"wp-image-4109039\"  data-lazy- src=\"https:\/\/agromt.news\/wp-content\/uploads\/2025\/07\/Cuidado-com-as-vacas-na-seca-garante-mais-bezerros-saudaveis.jpg\"\/><img decoding=\"async\" width=\"1024\" height=\"576\" src=\"https:\/\/agromt.news\/wp-content\/uploads\/2025\/07\/Cuidado-com-as-vacas-na-seca-garante-mais-bezerros-saudaveis.jpg\" alt=\"\" class=\"wp-image-4109039\"  \/><figcaption class=\"wp-element-caption\">Lote de novilhas para a esta\u00e7\u00e3o de monta. Foto: Divulgacao<br \/>\n<\/figcaption><\/figure>\n<p>Entre as recomenda\u00e7\u00f5es sanit\u00e1rias mais importantes, o veterin\u00e1rio destacou a <strong>vacina\u00e7\u00e3o contra leptospirose, IBR e BVD<\/strong>, que previnem perdas gestacionais no ter\u00e7o final da prenhez.<\/p>\n<p>Outro ponto crucial \u00e9 a <strong>vermifuga\u00e7\u00e3o estrat\u00e9gica<\/strong>, aplicada quando necess\u00e1rio para garantir a sanidade intestinal e a absor\u00e7\u00e3o de nutrientes.<\/p>\n<p>Pantoja tamb\u00e9m ressaltou o papel do <strong>manejo racional<\/strong>, ou seja, cuidar da vacada com tranquilidade, evitando estresse e gritaria durante os procedimentos.<\/p>\n<blockquote class=\"wp-block-quote is-layout-flow wp-block-quote-is-layout-flow\">\n<p>\u201cA vacina n\u00e3o causa aborto, mas o manejo incorreto pode provocar perda de prenhez. O bem-estar animal \u00e9 prioridade.\u201d<\/p>\n<\/blockquote>\n<\/div>\n<div>\n<p>Logo ap\u00f3s o nascimento, \u00e9 essencial garantir que o bezerro <strong>mame o colostro<\/strong>, rico em anticorpos que protegem contra infec\u00e7\u00f5es nos primeiros dias de vida. O <strong>tratamento do umbigo<\/strong> com iodo ou produtos espec\u00edficos, como o Umbicura, tamb\u00e9m \u00e9 indispens\u00e1vel.<\/p>\n<h2 class=\"wp-block-heading\" id=\"h-iatf-como-estrategia-para-mais-bezerros-do-cedo\">IATF como estrat\u00e9gia para mais bezerros do cedo<\/h2>\n<figure class=\"wp-block-image size-large\"><img decoding=\"async\" width=\"1024\" height=\"576\" alt=\"Botij\u00e3o com semen bovino para os protocolos de IATF na fazenda. Foto: Reprodu\u00e7\u00e3o\" class=\"wp-image-4109040\"  data-lazy- src=\"https:\/\/agromt.news\/wp-content\/uploads\/2025\/07\/1751913120_243_Cuidado-com-as-vacas-na-seca-garante-mais-bezerros-saudaveis.jpg\"\/><img loading=\"lazy\" decoding=\"async\" width=\"1024\" height=\"576\" src=\"https:\/\/agromt.news\/wp-content\/uploads\/2025\/07\/1751913120_243_Cuidado-com-as-vacas-na-seca-garante-mais-bezerros-saudaveis.jpg\" alt=\"Botij\u00e3o com semen bovino para os protocolos de IATF na fazenda. Foto: Reprodu\u00e7\u00e3o\" class=\"wp-image-4109040\"  \/><figcaption class=\"wp-element-caption\">Botij\u00e3o com semen bovino para os protocolos de IATF na fazenda. Foto: Reprodu\u00e7\u00e3o<br \/>\n<\/figcaption><\/figure>\n<p>A partir do terceiro ou quarto m\u00eas p\u00f3s-parto, as vacas entram em recupera\u00e7\u00e3o hormonal. Nesse momento, a <strong>Insemina\u00e7\u00e3o Artificial em Tempo Fixo (IATF)<\/strong> se torna uma aliada poderosa.<\/p>\n<p>A t\u00e9cnica concentra os partos, aumenta o n\u00famero de bezerros do cedo \u2013 que s\u00e3o mais pesados na desmama e mais valiosos no mercado \u2013 e melhora os \u00edndices de fertilidade.<\/p>\n<p>A Zoetis, refer\u00eancia em biotecnologia reprodutiva, oferece protocolos adapt\u00e1veis a cada realidade de fazenda. O veterin\u00e1rio refor\u00e7ou a import\u00e2ncia de um bom planejamento reprodutivo com orienta\u00e7\u00e3o t\u00e9cnica.<\/p>\n<blockquote class=\"wp-block-quote is-layout-flow wp-block-quote-is-layout-flow\">\n<p>\u201cN\u00e3o existe f\u00f3rmula m\u00e1gica. A escolha do protocolo ideal depende de escore corporal, manejo, sanidade e gen\u00e9tica do rebanho.\u201d<\/p>\n<\/blockquote>\n<h2 class=\"wp-block-heading\" id=\"h-investir-em-sanidade-e-investir-no-futuro-da-fazenda\">Investir em sanidade \u00e9 investir no futuro da fazenda<\/h2>\n<figure class=\"wp-block-image size-large\"><img loading=\"lazy\" decoding=\"async\" width=\"1024\" height=\"576\" alt=\"Lote de vacas e novilhas em \u00e1rea de pasto. Foto: Reprodu\u00e7\u00e3o\" class=\"wp-image-4109041\"  data-lazy- src=\"https:\/\/agromt.news\/wp-content\/uploads\/2025\/07\/1751913120_410_Cuidado-com-as-vacas-na-seca-garante-mais-bezerros-saudaveis.jpg\"\/><img loading=\"lazy\" decoding=\"async\" width=\"1024\" height=\"576\" src=\"https:\/\/agromt.news\/wp-content\/uploads\/2025\/07\/1751913120_410_Cuidado-com-as-vacas-na-seca-garante-mais-bezerros-saudaveis.jpg\" alt=\"Lote de vacas e novilhas em \u00e1rea de pasto. Foto: Reprodu\u00e7\u00e3o\" class=\"wp-image-4109041\"  \/><figcaption class=\"wp-element-caption\">Lote de vacas e novilhas em \u00e1rea de pasto. Foto: Reprodu\u00e7\u00e3o<br \/>\n<\/figcaption><\/figure>\n<p>O recado final de Thiago Pantoja \u00e9 claro: <strong>quem cuida da vaca agora, garante o bezerro do futuro<\/strong>. A seca \u00e9 um desafio, mas com planejamento, assist\u00eancia veterin\u00e1ria e boas pr\u00e1ticas de manejo, o produtor consegue atravessar esse per\u00edodo com seguran\u00e7a.<\/p>\n<p>A semana do <em>Giro do Boi<\/em> promete mais conte\u00fados t\u00e9cnicos voltados \u00e0 reprodu\u00e7\u00e3o na seca, ajudando o produtor rural a tomar decis\u00f5es mais assertivas.<\/p>\n<\/p><\/div>\n<p><br \/>\n<br \/><a href=\"https:\/\/www.canalrural.com.br\/pecuaria\/cuidado-com-as-vacas-na-seca-garante-mais-bezerros-saudaveis-na-proxima-estacao\/\">Source link <\/a><\/p>\n","protected":false},"excerpt":{"rendered":"<p>Durante a seca, o olhar atento do pecuarista sobre o rebanho pode ser a diferen\u00e7a entre uma esta\u00e7\u00e3o de monta<\/p>\n","protected":false},"author":1,"featured_media":16303,"comment_status":"open","ping_status":"open","sticky":false,"template":"","format":"standard","meta":{"_monsterinsights_skip_tracking":false,"_monsterinsights_sitenote_active":false,"_monsterinsights_sitenote_note":"","_monsterinsights_sitenote_category":0,"_uf_show_specific_survey":0,"_uf_disable_surveys":false,"footnotes":""},"categories":[1],"tags":[],"class_list":["post-16302","post","type-post","status-publish","format-standard","has-post-thumbnail","hentry","category-news"],"_links":{"self":[{"href":"https:\/\/agromt.news\/index.php?rest_route=\/wp\/v2\/posts\/16302"}],"collection":[{"href":"https:\/\/agromt.news\/index.php?rest_route=\/wp\/v2\/posts"}],"about":[{"href":"https:\/\/agromt.news\/index.php?rest_route=\/wp\/v2\/types\/post"}],"author":[{"embeddable":true,"href":"https:\/\/agromt.news\/index.php?rest_route=\/wp\/v2\/users\/1"}],"replies":[{"embeddable":true,"href":"https:\/\/agromt.news\/index.php?rest_route=%2Fwp%2Fv2%2Fcomments&post=16302"}],"version-history":[{"count":0,"href":"https:\/\/agromt.news\/index.php?rest_route=\/wp\/v2\/posts\/16302\/revisions"}],"wp:featuredmedia":[{"embeddable":true,"href":"https:\/\/agromt.news\/index.php?rest_route=\/wp\/v2\/media\/16303"}],"wp:attachment":[{"href":"https:\/\/agromt.news\/index.php?rest_route=%2Fwp%2Fv2%2Fmedia&parent=16302"}],"wp:term":[{"taxonomy":"category","embeddable":true,"href":"https:\/\/agromt.news\/index.php?rest_route=%2Fwp%2Fv2%2Fcategories&post=16302"},{"taxonomy":"post_tag","embeddable":true,"href":"https:\/\/agromt.news\/index.php?rest_route=%2Fwp%2Fv2%2Ftags&post=16302"}],"curies":[{"name":"wp","href":"https:\/\/api.w.org\/{rel}","templated":true}]}}