{"id":16296,"date":"2025-07-07T11:42:54","date_gmt":"2025-07-07T15:42:54","guid":{"rendered":"https:\/\/agromt.news\/?p=16296"},"modified":"2025-07-07T11:42:54","modified_gmt":"2025-07-07T15:42:54","slug":"mesmo-com-avancos-na-comercializacao-precos-recuam","status":"publish","type":"post","link":"https:\/\/agromt.news\/?p=16296","title":{"rendered":"mesmo com avan\u00e7os na comercializa\u00e7\u00e3o pre\u00e7os recuam"},"content":{"rendered":"<p> <br \/>\n<br \/><img decoding=\"async\" src=\"https:\/\/agromt.news\/wp-content\/uploads\/2025\/07\/mesmo-com-avancos-na-comercializacao-precos-recuam.jpg\" \/><\/p>\n<div>\n<p>As melhores condi\u00e7\u00f5es clim\u00e1ticas favoreceram a retomada dos trabalhos de campo na \u00faltima semana. A melhora foi registrada em todas as regi\u00f5es produtoras de mandioca acompanhadas pelo <a href=\"https:\/\/www.canalrural.com.br\/tag\/cepea\/\">Centro de Estudos Avan\u00e7ados em Economia Aplicada (Cepea)<\/a>.\u00a0<\/p>\n<p>Segundo o centro de pesquisas, ainda que boa parte continue priorizando o plantio da safra 2025\/26, outros seguem com interesse pela comercializa\u00e7\u00e3o, visando sobretudo se capitalizar.\u00a0<\/p>\n<p>Com ligeiro aumento na demanda industrial, os pre\u00e7os cederam menos que nas semanas anteriores.\u00a0<\/p>\n<\/div>\n<div>\n<p>Assim, os levantamentos do Cepea mostram que o valor m\u00e9dio nominal a prazo da tonelada de mandioca posta fecularia foi de R$ 498,53 (R$ 0,8670\/grama de amido). O valor representa recuo de 1,9% em rela\u00e7\u00e3o \u00e0 semana anterior e de 11% desde o final de abril.\u00a0<\/p>\n<p>Ainda, assim, comparando-se a per\u00edodo equivalente do ano passado, a m\u00e9dia atual est\u00e1 2% acima, em termos reais (deflacionamento pelo IGP-DI).<\/p>\n<p><em>*Sob supervis\u00e3o de Luis Roberto Toledo<\/em><\/p>\n<\/p><\/div>\n<p><br \/>\n<br \/><a href=\"https:\/\/www.canalrural.com.br\/agricultura\/mandioca-mesmo-com-avancos-na-comercializacao-precos-recuam\/\">Source link <\/a><\/p>\n","protected":false},"excerpt":{"rendered":"<p>As melhores condi\u00e7\u00f5es clim\u00e1ticas favoreceram a retomada dos trabalhos de campo na \u00faltima semana. A melhora foi registrada em todas<\/p>\n","protected":false},"author":1,"featured_media":16297,"comment_status":"open","ping_status":"open","sticky":false,"template":"","format":"standard","meta":{"_monsterinsights_skip_tracking":false,"_monsterinsights_sitenote_active":false,"_monsterinsights_sitenote_note":"","_monsterinsights_sitenote_category":0,"_uf_show_specific_survey":0,"_uf_disable_surveys":false,"footnotes":""},"categories":[1],"tags":[],"class_list":["post-16296","post","type-post","status-publish","format-standard","has-post-thumbnail","hentry","category-news"],"_links":{"self":[{"href":"https:\/\/agromt.news\/index.php?rest_route=\/wp\/v2\/posts\/16296"}],"collection":[{"href":"https:\/\/agromt.news\/index.php?rest_route=\/wp\/v2\/posts"}],"about":[{"href":"https:\/\/agromt.news\/index.php?rest_route=\/wp\/v2\/types\/post"}],"author":[{"embeddable":true,"href":"https:\/\/agromt.news\/index.php?rest_route=\/wp\/v2\/users\/1"}],"replies":[{"embeddable":true,"href":"https:\/\/agromt.news\/index.php?rest_route=%2Fwp%2Fv2%2Fcomments&post=16296"}],"version-history":[{"count":0,"href":"https:\/\/agromt.news\/index.php?rest_route=\/wp\/v2\/posts\/16296\/revisions"}],"wp:featuredmedia":[{"embeddable":true,"href":"https:\/\/agromt.news\/index.php?rest_route=\/wp\/v2\/media\/16297"}],"wp:attachment":[{"href":"https:\/\/agromt.news\/index.php?rest_route=%2Fwp%2Fv2%2Fmedia&parent=16296"}],"wp:term":[{"taxonomy":"category","embeddable":true,"href":"https:\/\/agromt.news\/index.php?rest_route=%2Fwp%2Fv2%2Fcategories&post=16296"},{"taxonomy":"post_tag","embeddable":true,"href":"https:\/\/agromt.news\/index.php?rest_route=%2Fwp%2Fv2%2Ftags&post=16296"}],"curies":[{"name":"wp","href":"https:\/\/api.w.org\/{rel}","templated":true}]}}