{"id":16288,"date":"2025-07-07T10:23:12","date_gmt":"2025-07-07T14:23:12","guid":{"rendered":"https:\/\/agromt.news\/?p=16288"},"modified":"2025-07-07T10:23:12","modified_gmt":"2025-07-07T14:23:12","slug":"argentina-aumenta-taxas-de-exportacao-e-precos-sobem","status":"publish","type":"post","link":"https:\/\/agromt.news\/?p=16288","title":{"rendered":"Argentina aumenta taxas de exporta\u00e7\u00e3o e pre\u00e7os sobem"},"content":{"rendered":"<p> <br \/>\n<br \/><img decoding=\"async\" src=\"https:\/\/agromt.news\/wp-content\/uploads\/2025\/04\/Programa-Soja-Brasil-aborda-tarifaco-e-tecnologia-no-campo.png\" \/><\/p>\n<div>\n<p>Os pre\u00e7os internos e externos da soja est\u00e3o em alta neste come\u00e7o de julho. \u00c9 isso que apontam os dados do <a href=\"https:\/\/www.canalrural.com.br\/tag\/cepea\/\">Centro de Estudos Avan\u00e7ados em Economia Aplicada (Cepea)<\/a>.\u00a0<\/p>\n<p>Segundo pesquisadores do instituto, o impulso vem do aumento das al\u00edquotas de exporta\u00e7\u00e3o na Argentina, chamadas de retenciones. Neste cen\u00e1rio, parte da produ\u00e7\u00e3o tende a ser redirecionada aos Estados Unidos e ao Brasil.\u00a0<\/p>\n<p>De acordo com a Bolsa de Ros\u00e1rio, em 27 de junho, o governo da Argentina oficializou taxas, ou \u201cretenciones\u201d, mais altas para alguns produtos agr\u00edcolas, como a soja e seus derivados.\u00a0<\/p>\n<\/div>\n<div>\n<p>Assim, desde 1\u00ba de julho, passou a vigorar a taxa de 33% para a soja, contra 26% desde janeiro, e de 31% para o farelo e para o \u00f3leo de soja, acima dos 24,5% praticados at\u00e9 30 de junho.\u00a0<\/p>\n<p>No mercado dom\u00e9stico, a queda do d\u00f3lar acabou limitando as altas das cota\u00e7\u00f5es. Isso ocorre pois a moeda norte-americana desvalorizada tende a desestimular as exporta\u00e7\u00f5es nacionais. Em junho, a m\u00e9dia  da cota\u00e7\u00e3o do d\u00f3lar atingiu R$ 5,53, a menor desde junho\/24.<\/p>\n<p><em>*Sob supervis\u00e3o de Luis Roberto Toledo<\/em><\/p>\n<\/p><\/div>\n<p><br \/>\n<br \/><a href=\"https:\/\/www.canalrural.com.br\/agricultura\/soja-argentina-aumenta-taxas-de-exportacao-e-precos-sobem\/\">Source link <\/a><\/p>\n","protected":false},"excerpt":{"rendered":"<p>Os pre\u00e7os internos e externos da soja est\u00e3o em alta neste come\u00e7o de julho. \u00c9 isso que apontam os dados<\/p>\n","protected":false},"author":1,"featured_media":12861,"comment_status":"open","ping_status":"open","sticky":false,"template":"","format":"standard","meta":{"_monsterinsights_skip_tracking":false,"_monsterinsights_sitenote_active":false,"_monsterinsights_sitenote_note":"","_monsterinsights_sitenote_category":0,"_uf_show_specific_survey":0,"_uf_disable_surveys":false,"footnotes":""},"categories":[1],"tags":[],"class_list":["post-16288","post","type-post","status-publish","format-standard","has-post-thumbnail","hentry","category-news"],"_links":{"self":[{"href":"https:\/\/agromt.news\/index.php?rest_route=\/wp\/v2\/posts\/16288"}],"collection":[{"href":"https:\/\/agromt.news\/index.php?rest_route=\/wp\/v2\/posts"}],"about":[{"href":"https:\/\/agromt.news\/index.php?rest_route=\/wp\/v2\/types\/post"}],"author":[{"embeddable":true,"href":"https:\/\/agromt.news\/index.php?rest_route=\/wp\/v2\/users\/1"}],"replies":[{"embeddable":true,"href":"https:\/\/agromt.news\/index.php?rest_route=%2Fwp%2Fv2%2Fcomments&post=16288"}],"version-history":[{"count":0,"href":"https:\/\/agromt.news\/index.php?rest_route=\/wp\/v2\/posts\/16288\/revisions"}],"wp:featuredmedia":[{"embeddable":true,"href":"https:\/\/agromt.news\/index.php?rest_route=\/wp\/v2\/media\/12861"}],"wp:attachment":[{"href":"https:\/\/agromt.news\/index.php?rest_route=%2Fwp%2Fv2%2Fmedia&parent=16288"}],"wp:term":[{"taxonomy":"category","embeddable":true,"href":"https:\/\/agromt.news\/index.php?rest_route=%2Fwp%2Fv2%2Fcategories&post=16288"},{"taxonomy":"post_tag","embeddable":true,"href":"https:\/\/agromt.news\/index.php?rest_route=%2Fwp%2Fv2%2Ftags&post=16288"}],"curies":[{"name":"wp","href":"https:\/\/api.w.org\/{rel}","templated":true}]}}