{"id":16284,"date":"2025-07-07T09:08:55","date_gmt":"2025-07-07T13:08:55","guid":{"rendered":"https:\/\/agromt.news\/?p=16284"},"modified":"2025-07-07T09:08:55","modified_gmt":"2025-07-07T13:08:55","slug":"cenario-do-trigo-exige-cautela-e-estrategia","status":"publish","type":"post","link":"https:\/\/agromt.news\/?p=16284","title":{"rendered":"Cen\u00e1rio do trigo exige cautela e estrat\u00e9gia"},"content":{"rendered":"<p> <br \/>\n<\/p>\n<div>\n<p>O mercado de <a href=\"https:\/\/www.agrolink.com.br\/culturas\/trigo\/?utm_source=agrolink-detalhe-noticia&amp;utm_medium=detalhe-noticia&amp;utm_campaign=links-internos\" target=\"_blank\" rel=\"noopener\">trigo<\/a> brasileiro vive um momento de indefini\u00e7\u00f5es, marcado por expectativa de safra menor, estoques apertados no Sul e press\u00e3o do mercado externo. Segundo a TF Agroecon\u00f4mica, apesar da leve redu\u00e7\u00e3o nas estimativas dos estoques globais pelo USDA, de 141,83 para 138,16 milh\u00f5es de toneladas, os n\u00edveis ainda s\u00e3o superiores ao do ano passado, o que indica pre\u00e7os internacionais mais baixos nesta temporada, influenciando negativamente o Brasil, especialmente via importa\u00e7\u00f5es da Argentina.&#13;\n<\/p>\n<p>Para o produtor, o destaque est\u00e1 na poss\u00edvel oportunidade oferecida pelos contratos futuros: a cota\u00e7\u00e3o de julho de 2026 na CBOT est\u00e1 10,46% acima da de julho de 2025. Isso, mesmo sem garantia de valoriza\u00e7\u00e3o, pode ser explorado como oportunidade de venda antecipada. No Brasil, espera-se uma produ\u00e7\u00e3o de trigo de 7,30 milh\u00f5es de toneladas em 2026, inferior \u00e0s 7,88 milh\u00f5es previstas para 2025, o que deve elevar as importa\u00e7\u00f5es entre fevereiro e agosto de 2026, puxando os pre\u00e7os internos para mais pr\u00f3ximo da paridade de importa\u00e7\u00e3o.<\/p>\n<p>Os fatores de alta incluem o bom desempenho das exporta\u00e7\u00f5es dos EUA, aumento da \u00e1rea em seca nas Grandes Plan\u00edcies, desvaloriza\u00e7\u00e3o do d\u00f3lar e pre\u00e7os internos j\u00e1 18,34% maiores que no mesmo per\u00edodo do ano passado. Al\u00e9m disso, a previs\u00e3o de uma nova quebra de safra nacional pode manter o mercado aquecido, especialmente se a qualidade do gr\u00e3o continuar baixa, pressionando os pre\u00e7os das farinhas.&#13;\n<\/p>\n<p>Por outro lado, fatores de baixa ainda pesam. O avan\u00e7o da colheita no Hemisf\u00e9rio Norte, os estoques elevados no RS (360 mil t em junho, com proje\u00e7\u00e3o de 130 mil t em outubro), a concorr\u00eancia do trigo argentino no PR e margens apertadas para os moinhos reduzem o f\u00f4lego dos pre\u00e7os no curto prazo. Assim, a TF recomenda que produtores e cooperativas esperem para vender ap\u00f3s fevereiro de 2026, enquanto compradores com capital e estrutura devem adquirir entre dezembro de 2025 e janeiro de 2026, usando o mercado futuro como prote\u00e7\u00e3o em caso de alta.<br \/>&#13;<br \/>\n\u00a0<\/p>\n<\/p><\/div>\n<p><script data-cfasync=\"false\">\n    !function (f, b, e, v, n, t, s) {\n        if (f.fbq) return; n = f.fbq = function () {\n            n.callMethod ?\n                n.callMethod.apply(n, arguments) : n.queue.push(arguments)\n        };\n        if (!f._fbq) f._fbq = n; n.push = n; n.loaded = !0; n.version = '2.0';\n        n.queue = []; t = b.createElement(e); t.async = !0;\n        t.src = v; s = b.getElementsByTagName(e)[0];\n        s.parentNode.insertBefore(t, s)\n    }(window, document, 'script',\n        'https:\/\/connect.facebook.net\/en_US\/fbevents.js');\n    fbq('init', '522546078623747');\n    fbq('track', 'PageView');\n<\/script><br \/>\n<br \/><br \/>\n<br \/><a href=\"https:\/\/www.agrolink.com.br\/noticias\/cenario-do-trigo-exige-cautela-e-estrategia_503629.html\">Source link <\/a><\/p>\n","protected":false},"excerpt":{"rendered":"<p>O mercado de trigo brasileiro vive um momento de indefini\u00e7\u00f5es, marcado por expectativa de safra menor, estoques apertados no Sul<\/p>\n","protected":false},"author":1,"featured_media":6507,"comment_status":"open","ping_status":"open","sticky":false,"template":"","format":"standard","meta":{"_monsterinsights_skip_tracking":false,"_monsterinsights_sitenote_active":false,"_monsterinsights_sitenote_note":"","_monsterinsights_sitenote_category":0,"_uf_show_specific_survey":0,"_uf_disable_surveys":false,"footnotes":""},"categories":[8,1,14],"tags":[],"class_list":["post-16284","post","type-post","status-publish","format-standard","has-post-thumbnail","hentry","category-agro","category-news","category-politica-agro"],"_links":{"self":[{"href":"https:\/\/agromt.news\/index.php?rest_route=\/wp\/v2\/posts\/16284"}],"collection":[{"href":"https:\/\/agromt.news\/index.php?rest_route=\/wp\/v2\/posts"}],"about":[{"href":"https:\/\/agromt.news\/index.php?rest_route=\/wp\/v2\/types\/post"}],"author":[{"embeddable":true,"href":"https:\/\/agromt.news\/index.php?rest_route=\/wp\/v2\/users\/1"}],"replies":[{"embeddable":true,"href":"https:\/\/agromt.news\/index.php?rest_route=%2Fwp%2Fv2%2Fcomments&post=16284"}],"version-history":[{"count":0,"href":"https:\/\/agromt.news\/index.php?rest_route=\/wp\/v2\/posts\/16284\/revisions"}],"wp:featuredmedia":[{"embeddable":true,"href":"https:\/\/agromt.news\/index.php?rest_route=\/wp\/v2\/media\/6507"}],"wp:attachment":[{"href":"https:\/\/agromt.news\/index.php?rest_route=%2Fwp%2Fv2%2Fmedia&parent=16284"}],"wp:term":[{"taxonomy":"category","embeddable":true,"href":"https:\/\/agromt.news\/index.php?rest_route=%2Fwp%2Fv2%2Fcategories&post=16284"},{"taxonomy":"post_tag","embeddable":true,"href":"https:\/\/agromt.news\/index.php?rest_route=%2Fwp%2Fv2%2Ftags&post=16284"}],"curies":[{"name":"wp","href":"https:\/\/api.w.org\/{rel}","templated":true}]}}