{"id":16280,"date":"2025-07-07T08:02:20","date_gmt":"2025-07-07T12:02:20","guid":{"rendered":"https:\/\/agromt.news\/?p=16280"},"modified":"2025-07-07T08:02:20","modified_gmt":"2025-07-07T12:02:20","slug":"agroextrativista-do-tocantins-transforma-saberes-em-sabores-do-cerrado","status":"publish","type":"post","link":"https:\/\/agromt.news\/?p=16280","title":{"rendered":"Agroextrativista do Tocantins transforma saberes em sabores do Cerrado"},"content":{"rendered":"<p> <br \/>\n<\/p>\n<div>\n<p>Agricultora familiar de quarta gera\u00e7\u00e3o e agroextrativista, F\u00e1tima Dias carrega o compromisso com a preserva\u00e7\u00e3o ambiental do Jalap\u00e3o, Tocantins (TO). Por meio de seu trabalho, transforma frutos do Cerrado em alimentos que equilibram tradi\u00e7\u00e3o e inova\u00e7\u00e3o.<\/p>\n<p>\u201cTudo come\u00e7ou da minha ancestralidade, dos familiares que moram na regi\u00e3o do Jalap\u00e3o. A gente colhia no mato ou plantava, e transformava em comida\u201d, relembra a produtora.\u00a0<\/p>\n<p>Nas panelas da fam\u00edlia, buriti, baru, jatob\u00e1, <a href=\"https:\/\/www.canalrural.com.br\/empreendedorismo\/casca-de-pequi-gera-renda-no-cerrado-piauiense\/\">pequi<\/a> e caju eram ingredientes de receitas ancestrais. Essa cultura alimentar, antes restrita ao lar, hoje encanta especialistas e consumidores.\u00a0<\/p>\n<p>Atualmente, no portf\u00f3lio da agroextrativista, h\u00e1 v\u00e1rias outras op\u00e7\u00f5es como bombom de baru \u2014 que ela chama de \u2018Viagra brasileiro\u2019 \u2014, chips de frutas t\u00edpicas do Cerrado, temperos, c\u00farcuma, a\u00e7afr\u00e3o-da-terra e o \u00f3leo de buriti.<\/p>\n<p> \u201cTem mais vitamina C que a acerola e combate at\u00e9 veneno de cobra e queimaduras\u201d, garante Dias. <\/p>\n<p>A convite do Sebrae, ela apresentou seus produtos no <a href=\"https:\/\/www.canalrural.com.br\/empreendedorismo\/inova-amazonia-summit-celebra-bioeconomia-sustentabilidade-e-inovacao-no-amapa\/\">Inova Amaz\u00f4nia Summit 2025<\/a> \u2013  maior evento de bioeconomia da regi\u00e3o Norte -, que aconteceu em Macap\u00e1 (AP). <\/p>\n<p>\u201cEstive com investidores nacionais e internacionais nas rodadas de neg\u00f3cio. Vamos ver se\u00a0 a gente fecha neg\u00f3cio.\u201d\u00a0<\/p>\n<p>Com tantas novidades, Dias foi premiada no Inova Cerrado 2025 com a \u2018Granoloca do Cerrado\u2019. <\/p>\n<\/div>\n<div>\n<p>O mix de castanhas de baru e caju, chips de mandioca e buriti, gergelim, coco e banana-passa conquistou o j\u00fari e colocou sua produ\u00e7\u00e3o em evid\u00eancia. <\/p>\n<figure class=\"wp-block-image size-large\"><img fetchpriority=\"high\" decoding=\"async\" width=\"768\" height=\"1024\" alt=\"Imagem do trof\u00e9u Inova Cerrado\" class=\"wp-image-4107083\"  data-lazy- src=\"https:\/\/agromt.news\/wp-content\/uploads\/2025\/07\/Agroextrativista-do-Tocantins-transforma-saberes-em-sabores-do-Cerrado.jpeg\"\/><img decoding=\"async\" width=\"768\" height=\"1024\" src=\"https:\/\/agromt.news\/wp-content\/uploads\/2025\/07\/Agroextrativista-do-Tocantins-transforma-saberes-em-sabores-do-Cerrado.jpeg\" alt=\"Imagem do trof\u00e9u Inova Cerrado\" class=\"wp-image-4107083\"  \/><figcaption class=\"wp-element-caption\">F\u00e1tima Dias foi premiada no Inova Cerrado 2025 com a \u2018Granoloca do Cerrado\u2019. Foto: Arquivo pessoal <\/figcaption><\/figure>\n<p><a href=\"https:\/\/inovacaosebraeminas.com.br\/artigo\/edital-lancado---inova-cerrado\">Inova Cerrado<\/a> \u00e9 um pr\u00eamio criado pelo Sebrae, que tem como objetivo  auxiliar e estimular \u00e0 bioeconomia local e preserva\u00e7\u00e3o do bioma. <\/p>\n<p>\u201cO <a href=\"https:\/\/sebrae.com.br\/sites\/PortalSebrae\/ufs\/to?codUf=24\">Sebrae,<\/a> ele chancela o sucesso. Ele n\u00e3o vai te dar um pr\u00eamio se voc\u00ea n\u00e3o tem aquela capacidade\u201d, conta a agricultora feliz com o resultado. <\/p>\n<ul class=\"wp-block-list\">\n<li><em>Participe do Porteira Aberta Empreender: envie perguntas, sugest\u00f5es e conte sua hist\u00f3ria de empreendedorismo pelo\u00a0<\/em><a href=\"https:\/\/api.whatsapp.com\/send?phone=5511932796720&amp;PorteiraAbertaEmpreender=SuaMensagem\"><strong>WhatsApp<\/strong><\/a><\/li>\n<\/ul>\n<p>A agroextrativista conta que retira apenas o necess\u00e1rio da mata e, al\u00e9m disso, cultiva as mesmas esp\u00e9cies que extrai. <\/p>\n<p>\u201cOlha, a sustentabilidade \u00e9 vida. Eu falo que, nos sabores do Jalap\u00e3o, n\u00f3s temos o melhor sabor do Cerrado.<strong> <\/strong>Sou agroextrativista: retiro do mato, mas planto o mato. Eu preservo. Afinal, sem o Cerrado, eu n\u00e3o tenho baru, buriti, pequi. E sem eles, eu n\u00e3o tenho alimento de alt\u00edssima qualidade.\u201d <\/p>\n<p>Para F\u00e1tima Dias, preservar \u00e9 um ato de sobreviv\u00eancia e tamb\u00e9m de respeito ancestral. \u00c9 a prova de que saber, sabor e empreendedorismo podem, sim, caminhar juntos.<\/p>\n<p> Seu trabalho n\u00e3o \u00e9 apenas sobre alimentos \u2014 pelo contr\u00e1rio, trata-se de manter vivo um modo de vida que respeita os ciclos da natureza e, ao mesmo tempo, valoriza os frutos do Brasil.<\/p>\n<\/p><\/div>\n<p><br \/>\n<br \/><a href=\"https:\/\/www.canalrural.com.br\/empreendedorismo\/agroextrativista-tocantinense-transforma-saberes-em-sabores-do-cerrado\/\">Source link <\/a><\/p>\n","protected":false},"excerpt":{"rendered":"<p>Agricultora familiar de quarta gera\u00e7\u00e3o e agroextrativista, F\u00e1tima Dias carrega o compromisso com a preserva\u00e7\u00e3o ambiental do Jalap\u00e3o, Tocantins (TO).<\/p>\n","protected":false},"author":1,"featured_media":16281,"comment_status":"open","ping_status":"open","sticky":false,"template":"","format":"standard","meta":{"_monsterinsights_skip_tracking":false,"_monsterinsights_sitenote_active":false,"_monsterinsights_sitenote_note":"","_monsterinsights_sitenote_category":0,"_uf_show_specific_survey":0,"_uf_disable_surveys":false,"footnotes":""},"categories":[1],"tags":[],"class_list":["post-16280","post","type-post","status-publish","format-standard","has-post-thumbnail","hentry","category-news"],"_links":{"self":[{"href":"https:\/\/agromt.news\/index.php?rest_route=\/wp\/v2\/posts\/16280"}],"collection":[{"href":"https:\/\/agromt.news\/index.php?rest_route=\/wp\/v2\/posts"}],"about":[{"href":"https:\/\/agromt.news\/index.php?rest_route=\/wp\/v2\/types\/post"}],"author":[{"embeddable":true,"href":"https:\/\/agromt.news\/index.php?rest_route=\/wp\/v2\/users\/1"}],"replies":[{"embeddable":true,"href":"https:\/\/agromt.news\/index.php?rest_route=%2Fwp%2Fv2%2Fcomments&post=16280"}],"version-history":[{"count":0,"href":"https:\/\/agromt.news\/index.php?rest_route=\/wp\/v2\/posts\/16280\/revisions"}],"wp:featuredmedia":[{"embeddable":true,"href":"https:\/\/agromt.news\/index.php?rest_route=\/wp\/v2\/media\/16281"}],"wp:attachment":[{"href":"https:\/\/agromt.news\/index.php?rest_route=%2Fwp%2Fv2%2Fmedia&parent=16280"}],"wp:term":[{"taxonomy":"category","embeddable":true,"href":"https:\/\/agromt.news\/index.php?rest_route=%2Fwp%2Fv2%2Fcategories&post=16280"},{"taxonomy":"post_tag","embeddable":true,"href":"https:\/\/agromt.news\/index.php?rest_route=%2Fwp%2Fv2%2Ftags&post=16280"}],"curies":[{"name":"wp","href":"https:\/\/api.w.org\/{rel}","templated":true}]}}