{"id":16278,"date":"2025-07-07T05:09:55","date_gmt":"2025-07-07T09:09:55","guid":{"rendered":"https:\/\/agromt.news\/?p=16278"},"modified":"2025-07-07T05:09:55","modified_gmt":"2025-07-07T09:09:55","slug":"produtores-reduzem-pastejo-para-preservar-forragem","status":"publish","type":"post","link":"https:\/\/agromt.news\/?p=16278","title":{"rendered":"Produtores reduzem pastejo para preservar forragem"},"content":{"rendered":"<p> <br \/>\n<\/p>\n<div>\n<p style=\"text-align:justify\">A oferta de forragem no Rio Grande do Sul tem sido prejudicada pelas condi\u00e7\u00f5es clim\u00e1ticas das \u00faltimas semanas, segundo o Informativo Conjuntural divulgado pela Emater\/RS-Ascar nesta quinta-feira (3). O excesso de umidade e a limita\u00e7\u00e3o de radia\u00e7\u00e3o solar atrasaram o desenvolvimento das forrageiras e agravaram a escassez de alimento para os rebanhos.&#13;\n<\/p>\n<p style=\"text-align:justify\">\u201cAs pastagens est\u00e3o sofrendo com alagamentos, eros\u00e3o e perdas de nutrientes por lixivia\u00e7\u00e3o\u201d, informou a Emater. Mesmo onde o pastejo tem sido poss\u00edvel, os danos s\u00e3o acima do esperado. Em diversas regi\u00f5es, a qualidade das \u00e1reas de campo nativo e das forrageiras cultivadas est\u00e1 comprometida.<\/p>\n<p style=\"text-align:justify\">Na regi\u00e3o de Bag\u00e9, enchentes dos rios Uruguai, Ibicu\u00ed, Camba\u00ed e Itu inundaram extensas \u00e1reas de pastagem. Em Caxias do Sul, a umidade excessiva prejudicou cultivos de aveia em sistemas integrados com lavoura e pecu\u00e1ria, al\u00e9m de inviabilizar \u00e1reas de trigo forrageiro. Em Erechim, as geadas comprometeram a vegeta\u00e7\u00e3o nativa e os restos culturais de ver\u00e3o, enquanto o crescimento das pastagens cultivadas permanece lento.&#13;\n<\/p>\n<p style=\"text-align:justify\">Na regi\u00e3o de Frederico Westphalen, o solo encharcado continua dificultando o pastejo. Situa\u00e7\u00e3o semelhante \u00e9 observada em Iju\u00ed, onde a umidade elevada tem causado danos f\u00edsicos \u00e0s forrageiras. Em Passo Fundo, o rebrote \u00e9 baixo, o que levou os produtores a restringirem o acesso dos animais para evitar o desgaste das \u00e1reas.<\/p>\n<p style=\"text-align:justify\">Em Pelotas, o frio e as geadas afetaram negativamente a disponibilidade de forragem, principalmente nas pastagens nativas. As pastagens cultivadas de inverno ainda n\u00e3o est\u00e3o prontas para o pastejo. Em Porto Alegre, com \u00e1reas cultivadas alagadas, os campos nativos est\u00e3o sendo sobrepastejados. Em Santa Rosa, os produtores intensificaram o uso de silagem diante da escassez de pastagem e relataram perdas por pisoteio em solos saturados.&#13;\n<\/p>\n<p style=\"text-align:justify\">Apesar do cen\u00e1rio adverso, a Emater\/RS-Ascar observa que as geadas recentes favoreceram, em algumas regi\u00f5es, o desenvolvimento de pastagens anuais implantadas em sobressemeadura.<\/p>\n<\/p><\/div>\n<p><script data-cfasync=\"false\">\n    !function (f, b, e, v, n, t, s) {\n        if (f.fbq) return; n = f.fbq = function () {\n            n.callMethod ?\n                n.callMethod.apply(n, arguments) : n.queue.push(arguments)\n        };\n        if (!f._fbq) f._fbq = n; n.push = n; n.loaded = !0; n.version = '2.0';\n        n.queue = []; t = b.createElement(e); t.async = !0;\n        t.src = v; s = b.getElementsByTagName(e)[0];\n        s.parentNode.insertBefore(t, s)\n    }(window, document, 'script',\n        'https:\/\/connect.facebook.net\/en_US\/fbevents.js');\n    fbq('init', '522546078623747');\n    fbq('track', 'PageView');\n<\/script><br \/>\n<br \/><br \/>\n<br \/><a href=\"https:\/\/www.agrolink.com.br\/noticias\/produtores-reduzem-pastejo-para-preservar-forragem_503618.html\">Source link <\/a><\/p>\n","protected":false},"excerpt":{"rendered":"<p>A oferta de forragem no Rio Grande do Sul tem sido prejudicada pelas condi\u00e7\u00f5es clim\u00e1ticas das \u00faltimas semanas, segundo o<\/p>\n","protected":false},"author":1,"featured_media":4690,"comment_status":"open","ping_status":"open","sticky":false,"template":"","format":"standard","meta":{"_monsterinsights_skip_tracking":false,"_monsterinsights_sitenote_active":false,"_monsterinsights_sitenote_note":"","_monsterinsights_sitenote_category":0,"_uf_show_specific_survey":0,"_uf_disable_surveys":false,"footnotes":""},"categories":[8,1,14],"tags":[],"class_list":["post-16278","post","type-post","status-publish","format-standard","has-post-thumbnail","hentry","category-agro","category-news","category-politica-agro"],"_links":{"self":[{"href":"https:\/\/agromt.news\/index.php?rest_route=\/wp\/v2\/posts\/16278"}],"collection":[{"href":"https:\/\/agromt.news\/index.php?rest_route=\/wp\/v2\/posts"}],"about":[{"href":"https:\/\/agromt.news\/index.php?rest_route=\/wp\/v2\/types\/post"}],"author":[{"embeddable":true,"href":"https:\/\/agromt.news\/index.php?rest_route=\/wp\/v2\/users\/1"}],"replies":[{"embeddable":true,"href":"https:\/\/agromt.news\/index.php?rest_route=%2Fwp%2Fv2%2Fcomments&post=16278"}],"version-history":[{"count":0,"href":"https:\/\/agromt.news\/index.php?rest_route=\/wp\/v2\/posts\/16278\/revisions"}],"wp:featuredmedia":[{"embeddable":true,"href":"https:\/\/agromt.news\/index.php?rest_route=\/wp\/v2\/media\/4690"}],"wp:attachment":[{"href":"https:\/\/agromt.news\/index.php?rest_route=%2Fwp%2Fv2%2Fmedia&parent=16278"}],"wp:term":[{"taxonomy":"category","embeddable":true,"href":"https:\/\/agromt.news\/index.php?rest_route=%2Fwp%2Fv2%2Fcategories&post=16278"},{"taxonomy":"post_tag","embeddable":true,"href":"https:\/\/agromt.news\/index.php?rest_route=%2Fwp%2Fv2%2Ftags&post=16278"}],"curies":[{"name":"wp","href":"https:\/\/api.w.org\/{rel}","templated":true}]}}