{"id":16277,"date":"2025-07-07T05:05:59","date_gmt":"2025-07-07T09:05:59","guid":{"rendered":"https:\/\/agromt.news\/?p=16277"},"modified":"2025-07-07T05:05:59","modified_gmt":"2025-07-07T09:05:59","slug":"semana-comeca-com-frio-menor-e-chuvas-fortes-veja-a-previsao-da-climatempo","status":"publish","type":"post","link":"https:\/\/agromt.news\/?p=16277","title":{"rendered":"Semana come\u00e7a com frio menor e chuvas fortes; veja a previs\u00e3o da Climatempo"},"content":{"rendered":"<p> <br \/>\n<br \/><img decoding=\"async\" src=\"https:\/\/agromt.news\/wp-content\/uploads\/2025\/03\/Fim-de-semana-comeca-com-sol-mas-ha-chance-de.jpg\" \/><\/p>\n<div>\n<p>Nesta segunda-feira (7), enquanto o Sul inicia a semana sem previs\u00e3o de chuva e com temperaturas em eleva\u00e7\u00e3o, o Sudeste ter\u00e1 instabilidades no litoral. O Centro-Oeste segue com tempo firme e seco, o Nordeste enfrenta chuvas fortes em parte do litoral, e o Norte tem alerta para temporais, principalmente no Amazonas, Roraima e Amap\u00e1.<\/p>\n<div data-icp-cta=\"1\" id=\"icp-cta-unique\">Voc\u00ea quer entender como usar o clima a seu favor?<b> <\/b><a href=\"https:\/\/climacampo.canalrural.com.br\/climacampo_-01\">Preparamos um e-book exclusivo<\/a> para ajudar produtores rurais a se antecipar \u00e0s mudan\u00e7as do tempo e planejar melhor suas a\u00e7\u00f5es. Com base em previs\u00f5es meteorol\u00f3gicas confi\u00e1veis, ele oferece orienta\u00e7\u00f5es pr\u00e1ticas para proteger sua lavoura e otimizar seus resultados.<\/div>\n<p>Confira como ficam as condi\u00e7\u00f5es do tempo em cada regi\u00e3o do Brasil, de acordo com a previs\u00e3o da <strong><a href=\"https:\/\/www.canalrural.com.br\/autor\/climatempo\/\">Climatempo<\/a><\/strong>.<\/p>\n<h2 class=\"wp-block-heading\" id=\"h-previsao-do-tempo-para-a-regiao-sul-hoje\">Previs\u00e3o do tempo para a regi\u00e3o Sul hoje<\/h2>\n<p>A semana come\u00e7a sem chuva nos tr\u00eas estados da regi\u00e3o e com temperaturas em eleva\u00e7\u00e3o \u00e0 tarde no interior e oeste do Rio Grande do Sul e de Santa Catarina e no norte do Paran\u00e1.<\/p>\n<p>A tarde fica menos fria em Curitiba, Florian\u00f3polis e Porto Alegre, com a presen\u00e7a do sol e pouca nebulosidade.<\/p>\n<h2 class=\"wp-block-heading\" id=\"h-previsao-do-tempo-para-a-regiao-sudeste-hoje\">Previs\u00e3o do tempo para a regi\u00e3o Sudeste hoje<\/h2>\n<p>A chuva pode acontecer com fraca at\u00e9 moderada intensidade no sul e litoral do Rio de Janeiro, devido \u00e0 presen\u00e7a de bastante umidade. H\u00e1 tamb\u00e9m chuva fraca e um come\u00e7o de semana com mais varia\u00e7\u00e3o de nuvens no litoral de S\u00e3o Paulo. <\/p>\n<p>O per\u00edodo da tarde mais quente e seco no norte paulista e no Tri\u00e2ngulo e noroeste de Minas Gerais, com umidade abaixo de 30%.<\/p>\n<\/div>\n<div>\n<h2 class=\"wp-block-heading\" id=\"h-previsao-do-tempo-para-a-regiao-centro-oeste-hoje\">Previs\u00e3o do tempo para a regi\u00e3o Centro-Oeste hoje<\/h2>\n<p>A semana come\u00e7a com padr\u00e3o de tempo firme e seco sobre a maior parte da regi\u00e3o. O destaque fica para a umidade abaixo de 30% em Goi\u00e1s, Mato Grosso e Distrito Federal.<\/p>\n<p>O amanhecer ser\u00e1 menos frio em Mato Grosso do Sul, com temperatura mais alta \u00e0 tarde, principalmente no norte e nordeste do estado.<\/p>\n<h2 class=\"wp-block-heading\" id=\"h-previsao-do-tempo-para-a-regiao-nordeste-hoje\">Previs\u00e3o do tempo para a regi\u00e3o Nordeste hoje<\/h2>\n<p>A chuva continua no litoral da Bahia, com alerta para temporais em Salvador. Chove a qualquer momento com forte intensidade em Alagoas e Sergipe.<\/p>\n<p>H\u00e1 pancadas mais isoladas, por\u00e9m com muito vento, no litoral de Pernambuco e do Rio Grande do Norte. O ar fica mais seco no interior da regi\u00e3o.<\/p>\n<h2 class=\"wp-block-heading\" id=\"h-previsao-do-tempo-para-a-regiao-norte-hoje\">Previs\u00e3o do tempo para a regi\u00e3o Norte hoje<\/h2>\n<p>A faixa sul da regi\u00e3o continua mais seca neste come\u00e7o de semana, com umidade baixa no Tocantins. <\/p>\n<p>Chove a qualquer momento do dia no norte do Amazonas, em Roraima e no Amap\u00e1. A chuva pode vir forte, com raios e trovoadas.<\/p>\n<\/p><\/div>\n<p><br \/>\n<br \/><a href=\"https:\/\/www.canalrural.com.br\/diversos\/semana-comeca-com-frio-menor-e-chuvas-fortes-veja-a-previsao-da-climatempo\/\">Source link <\/a><\/p>\n","protected":false},"excerpt":{"rendered":"<p>Nesta segunda-feira (7), enquanto o Sul inicia a semana sem previs\u00e3o de chuva e com temperaturas em eleva\u00e7\u00e3o, o Sudeste<\/p>\n","protected":false},"author":1,"featured_media":12168,"comment_status":"open","ping_status":"open","sticky":false,"template":"","format":"standard","meta":{"_monsterinsights_skip_tracking":false,"_monsterinsights_sitenote_active":false,"_monsterinsights_sitenote_note":"","_monsterinsights_sitenote_category":0,"_uf_show_specific_survey":0,"_uf_disable_surveys":false,"footnotes":""},"categories":[1],"tags":[],"class_list":["post-16277","post","type-post","status-publish","format-standard","has-post-thumbnail","hentry","category-news"],"_links":{"self":[{"href":"https:\/\/agromt.news\/index.php?rest_route=\/wp\/v2\/posts\/16277"}],"collection":[{"href":"https:\/\/agromt.news\/index.php?rest_route=\/wp\/v2\/posts"}],"about":[{"href":"https:\/\/agromt.news\/index.php?rest_route=\/wp\/v2\/types\/post"}],"author":[{"embeddable":true,"href":"https:\/\/agromt.news\/index.php?rest_route=\/wp\/v2\/users\/1"}],"replies":[{"embeddable":true,"href":"https:\/\/agromt.news\/index.php?rest_route=%2Fwp%2Fv2%2Fcomments&post=16277"}],"version-history":[{"count":0,"href":"https:\/\/agromt.news\/index.php?rest_route=\/wp\/v2\/posts\/16277\/revisions"}],"wp:featuredmedia":[{"embeddable":true,"href":"https:\/\/agromt.news\/index.php?rest_route=\/wp\/v2\/media\/12168"}],"wp:attachment":[{"href":"https:\/\/agromt.news\/index.php?rest_route=%2Fwp%2Fv2%2Fmedia&parent=16277"}],"wp:term":[{"taxonomy":"category","embeddable":true,"href":"https:\/\/agromt.news\/index.php?rest_route=%2Fwp%2Fv2%2Fcategories&post=16277"},{"taxonomy":"post_tag","embeddable":true,"href":"https:\/\/agromt.news\/index.php?rest_route=%2Fwp%2Fv2%2Ftags&post=16277"}],"curies":[{"name":"wp","href":"https:\/\/api.w.org\/{rel}","templated":true}]}}